{"id":7767,"date":"2023-02-26T13:00:00","date_gmt":"2023-02-26T13:00:00","guid":{"rendered":"https:\/\/www.entrerios.gov.ar\/cultura\/?p=7767"},"modified":"2023-02-24T16:14:32","modified_gmt":"2023-02-24T16:14:32","slug":"regresan-los-domingos-de-teatro-a-la-la-vieja-usina","status":"publish","type":"post","link":"https:\/\/www.entrerios.gov.ar\/cultura\/regresan-los-domingos-de-teatro-a-la-la-vieja-usina\/","title":{"rendered":"Regresan los Domingos de Teatro a la La Vieja Usina"},"content":{"rendered":"\n<p>El centro cultural provincial dependiente de la Secretar\u00eda de Cultura de Entre R\u00edos reanuda el cl\u00e1sico ciclo de teatro independiente que se realiza los domingos. Durante marzo las propuestas se realizan en el marco del Mes de las Mujeres Trabajadoras.<\/p>\n\n\n\n<p>Ser\u00e1 a partir del 5 de marzo, a las 21 hs., con entrada gratuita, con ingreso por orden de llegada.<\/p>\n\n\n\n<p>En el marco del mes M, se presentar\u00e1n obras donde mujeres encarnan una diversidad de historias que las tienen como protagonistas.<\/p>\n\n\n\n<p>El domingo 5 de marzo, a las 21 hs., en La Vieja Usina, el grupo Ladran Sancho (Gualeguaych\u00fa) presenta \u201cMujer con caja de herramientas. Biodrama en objetos\u201d.<\/p>\n\n\n\n<p>El domingo 12 de marzo, ser\u00e1 el turno de \u201cAureliana. Sueltas palabras para una actriz\u201d del grupo Teatro del Bardo (Paran\u00e1)<\/p>\n\n\n\n<p>El domingo 19 de marzo, el grupo Desde Cero Teatro Independiente (C. del Uruguay) pondr\u00e1 en escena \u201cVivir tras el romance\u2026 m\u00e1s all\u00e1 del sexo\u201d.<\/p>\n\n\n\n<p>El ciclo Domingos de Teatro es una iniciativa impulsada por la Secretar\u00eda de Cultura de Entre R\u00edos, a trav\u00e9s del centro cultural y de convenciones La Vieja Usina, ubicado en la capital entrerriana. Pretende acercar y hacer circular obras entrerrianas y de la regi\u00f3n.<\/p>\n\n\n\n<p style=\"font-size:11px\"><em>Foto: Obra &#8220;Aureliana\u2026&#8221;<\/em><\/p>\n","protected":false},"excerpt":{"rendered":"<p>El centro cultural provincial dependiente de la Secretar\u00eda de Cultura de Entre R\u00edos reanuda el cl\u00e1sico ciclo de teatro independiente que se realiza los domingos. Durante marzo las propuestas se realizan en el marco del Mes de las Mujeres Trabajadoras. Ser\u00e1 a partir del 5 de marzo, a las 21 hs., con entrada gratuita, con [&hellip;]<\/p>\n","protected":false},"author":5,"featured_media":7768,"comment_status":"open","ping_status":"open","sticky":false,"template":"","format":"standard","meta":{"_et_pb_use_builder":"off","_et_pb_old_content":"","_et_gb_content_width":"","footnotes":""},"categories":[1,28,18],"tags":[],"class_list":["post-7767","post","type-post","status-publish","format-standard","has-post-thumbnail","hentry","category-destacado","category-noticias","category-centro-cultural-la-vieja-usina"],"_links":{"self":[{"href":"https:\/\/www.entrerios.gov.ar\/cultura\/wp-json\/wp\/v2\/posts\/7767","targetHints":{"allow":["GET"]}}],"collection":[{"href":"https:\/\/www.entrerios.gov.ar\/cultura\/wp-json\/wp\/v2\/posts"}],"about":[{"href":"https:\/\/www.entrerios.gov.ar\/cultura\/wp-json\/wp\/v2\/types\/post"}],"author":[{"embeddable":true,"href":"https:\/\/www.entrerios.gov.ar\/cultura\/wp-json\/wp\/v2\/users\/5"}],"replies":[{"embeddable":true,"href":"https:\/\/www.entrerios.gov.ar\/cultura\/wp-json\/wp\/v2\/comments?post=7767"}],"version-history":[{"count":1,"href":"https:\/\/www.entrerios.gov.ar\/cultura\/wp-json\/wp\/v2\/posts\/7767\/revisions"}],"predecessor-version":[{"id":7769,"href":"https:\/\/www.entrerios.gov.ar\/cultura\/wp-json\/wp\/v2\/posts\/7767\/revisions\/7769"}],"wp:featuredmedia":[{"embeddable":true,"href":"https:\/\/www.entrerios.gov.ar\/cultura\/wp-json\/wp\/v2\/media\/7768"}],"wp:attachment":[{"href":"https:\/\/www.entrerios.gov.ar\/cultura\/wp-json\/wp\/v2\/media?parent=7767"}],"wp:term":[{"taxonomy":"category","embeddable":true,"href":"https:\/\/www.entrerios.gov.ar\/cultura\/wp-json\/wp\/v2\/categories?post=7767"},{"taxonomy":"post_tag","embeddable":true,"href":"https:\/\/www.entrerios.gov.ar\/cultura\/wp-json\/wp\/v2\/tags?post=7767"}],"curies":[{"name":"wp","href":"https:\/\/api.w.org\/{rel}","templated":true}]}}