{"id":7781,"date":"2023-03-03T07:00:00","date_gmt":"2023-03-03T07:00:00","guid":{"rendered":"https:\/\/www.entrerios.gov.ar\/cultura\/?p=7781"},"modified":"2023-03-05T21:16:16","modified_gmt":"2023-03-05T21:16:16","slug":"mujer-con-caja-de-herramientas-biodrama-en-objetos-abre-el-ciclo-domingos-de-teatro","status":"publish","type":"post","link":"https:\/\/www.entrerios.gov.ar\/cultura\/mujer-con-caja-de-herramientas-biodrama-en-objetos-abre-el-ciclo-domingos-de-teatro\/","title":{"rendered":"&#8220;Mujer con caja de herramientas. Biodrama en objetos&#8221; abre el ciclo Domingos de Teatro\u00a0"},"content":{"rendered":"\n<p>Para iniciar el cl\u00e1sico ciclo de teatro independiente el centro cultural provincial La Vieja Usina presenta este domingo la obra <em>Mujer con caja de herramientas. Biodrama en objetos <\/em>que llega desde Gualeguaych\u00fa. La actividad se realiza en el marco del Mes de las Mujeres Trabajadoras.&nbsp;<\/p>\n\n\n\n<p>La funci\u00f3n ser\u00e1 el 5 de marzo, a las 21 hs., con entrada gratuita, con ingreso por orden de llegada.<\/p>\n\n\n\n<p>Este domingo el grupo Ladran Sancho de Gualeguaych\u00fa presentar\u00e1 su trabajo esc\u00e9nico que naci\u00f3 de un Seminario de Teatro de Objetos, dictado por la profesora M\u00f3nica Mart\u00ednez desde el Profesorado de Teatro de la UADER (Gualeguaych\u00fa). La dramaturgia y la actuaci\u00f3n de la obra son de Mariela Veronesi. La asistencia corresponde a Marina Mundel, y la direcci\u00f3n a Renata Dallaglio. El vestuario y la caracterizaci\u00f3n fueron realizados por Veronesi y Dallaglio. Las fotos son de Laureano Piccini, Valeria Bassini, Claudio P\u00e9rez, Ra\u00fal Perrier, Nacho Raff.<\/p>\n\n\n\n<p><em>Sobre la obra:&nbsp;<\/em><\/p>\n\n\n\n<p><em>Una mesa de madera y un caj\u00f3n.<\/em><\/p>\n\n\n\n<p><em>Dentro del caj\u00f3n; espigas de trigo, herramientas y fierros viejos, palo de amasar,<\/em><\/p>\n\n\n\n<p><em>harina, puntilla, repasador remendado, vendas.<\/em><\/p>\n\n\n\n<p><em>Una mujer, descendiente de inmigrantes italianos, se pone frente a la mesa vac\u00eda.<\/em><\/p>\n\n\n\n<p><em>Poco a poco la va llenando de historia, la suya, su historia herrumbrada,<\/em><\/p>\n\n\n\n<p><em>machacada por la cotidianidad heredada.<\/em><\/p>\n\n\n\n<p>Cabe destacar que durante marzo y en el marco del mes M, se presentar\u00e1n obras donde mujeres encarnan una diversidad de historias que las tienen como protagonistas.<\/p>\n\n\n\n<p>El ciclo Domingos de Teatro es una iniciativa impulsada por la Secretar\u00eda de Cultura de Entre R\u00edos, a trav\u00e9s del centro cultural y de convenciones La Vieja Usina, ubicado en la capital entrerriana. Pretende acercar y hacer circular obras entrerrianas y de la regi\u00f3n, al mismo tiempo que contribuir a la formaci\u00f3n de nuevos p\u00fablicos.<\/p>\n","protected":false},"excerpt":{"rendered":"<p>Para iniciar el cl\u00e1sico ciclo de teatro independiente el centro cultural provincial La Vieja Usina presenta este domingo la obra Mujer con caja de herramientas. Biodrama en objetos que llega desde Gualeguaych\u00fa. La actividad se realiza en el marco del Mes de las Mujeres Trabajadoras.&nbsp; La funci\u00f3n ser\u00e1 el 5 de marzo, a las 21 [&hellip;]<\/p>\n","protected":false},"author":5,"featured_media":7782,"comment_status":"open","ping_status":"open","sticky":false,"template":"","format":"standard","meta":{"_et_pb_use_builder":"off","_et_pb_old_content":"","_et_gb_content_width":"","footnotes":""},"categories":[1,28,18],"tags":[],"class_list":["post-7781","post","type-post","status-publish","format-standard","has-post-thumbnail","hentry","category-destacado","category-noticias","category-centro-cultural-la-vieja-usina"],"_links":{"self":[{"href":"https:\/\/www.entrerios.gov.ar\/cultura\/wp-json\/wp\/v2\/posts\/7781","targetHints":{"allow":["GET"]}}],"collection":[{"href":"https:\/\/www.entrerios.gov.ar\/cultura\/wp-json\/wp\/v2\/posts"}],"about":[{"href":"https:\/\/www.entrerios.gov.ar\/cultura\/wp-json\/wp\/v2\/types\/post"}],"author":[{"embeddable":true,"href":"https:\/\/www.entrerios.gov.ar\/cultura\/wp-json\/wp\/v2\/users\/5"}],"replies":[{"embeddable":true,"href":"https:\/\/www.entrerios.gov.ar\/cultura\/wp-json\/wp\/v2\/comments?post=7781"}],"version-history":[{"count":1,"href":"https:\/\/www.entrerios.gov.ar\/cultura\/wp-json\/wp\/v2\/posts\/7781\/revisions"}],"predecessor-version":[{"id":7783,"href":"https:\/\/www.entrerios.gov.ar\/cultura\/wp-json\/wp\/v2\/posts\/7781\/revisions\/7783"}],"wp:featuredmedia":[{"embeddable":true,"href":"https:\/\/www.entrerios.gov.ar\/cultura\/wp-json\/wp\/v2\/media\/7782"}],"wp:attachment":[{"href":"https:\/\/www.entrerios.gov.ar\/cultura\/wp-json\/wp\/v2\/media?parent=7781"}],"wp:term":[{"taxonomy":"category","embeddable":true,"href":"https:\/\/www.entrerios.gov.ar\/cultura\/wp-json\/wp\/v2\/categories?post=7781"},{"taxonomy":"post_tag","embeddable":true,"href":"https:\/\/www.entrerios.gov.ar\/cultura\/wp-json\/wp\/v2\/tags?post=7781"}],"curies":[{"name":"wp","href":"https:\/\/api.w.org\/{rel}","templated":true}]}}