{"id":7842,"date":"2023-03-14T13:14:30","date_gmt":"2023-03-14T13:14:30","guid":{"rendered":"https:\/\/www.entrerios.gov.ar\/cultura\/?p=7842"},"modified":"2023-03-14T13:14:40","modified_gmt":"2023-03-14T13:14:40","slug":"la-capilla-norte-de-san-miguel-arcangel-abierta-al-publico-en-su-mes-aniversario","status":"publish","type":"post","link":"https:\/\/www.entrerios.gov.ar\/cultura\/la-capilla-norte-de-san-miguel-arcangel-abierta-al-publico-en-su-mes-aniversario\/","title":{"rendered":"<strong>La Capilla Norte de San Miguel Arc\u00e1ngel abierta al p\u00fablico en su mes aniversario<\/strong>"},"content":{"rendered":"\n<p>En el mes de su aniversario fundacional, la Capilla estar\u00e1 abierta al p\u00fablico con acceso libre y gratuito los d\u00edas viernes y s\u00e1bados de 9 a 11; y de 18 a 20 hs. Este 14 de marzo el hist\u00f3rico edificio cumple 201 a\u00f1os.&nbsp;<\/p>\n\n\n\n<p>Siendo el edificio religioso m\u00e1s antiguo de la provincia que se conserva en pie, y con piedra fundacional en el 14 de marzo de 1822, hoy celebra sus 201 a\u00f1os de historia. Concebida mirando hacia el R\u00edo Paran\u00e1 en lo que se denominaba el \u201cBarrio del Tambor\u201d esta obra singular permanece desde el Siglo XIX en la ciudad de Paran\u00e1.<\/p>\n\n\n\n<p>En el 2000 fue declarada Monumento Hist\u00f3rico Nacional y restaurada por el Gobierno Provincial en 2019 a cargo de Gustavo Bordet, visibilizando de esta manera un edificio patrimonial que es orgullo de todas y todos los entrerrianos.<\/p>\n\n\n\n<p>Durante los viernes y s\u00e1bados de marzo las y los visitantes podr\u00e1n recorrer la Sala Patrimonial, que a trav\u00e9s de un dise\u00f1o museogr\u00e1fico contiene y muestra la historia de la Capilla, una maqueta del entorno en el Siglo XIX&nbsp; y un relevamiento fotogr\u00e1fico del estado edilicio en 2014. Se pueden descubrir tambi\u00e9n piezas originales de la Capilla; adem\u00e1s un registro gr\u00e1fico del Grupo Croquiseros de Paran\u00e1 2019.&nbsp;<\/p>\n\n\n\n<p>Los recorridos por el sitio est\u00e1n a cargo de la Asociaci\u00f3n Gu\u00edas de Turismo de Paran\u00e1 GUITPA y est\u00e1n pensados para todo p\u00fablico.&nbsp;<\/p>\n\n\n\n<p><strong>Historia de una capilla singular<\/strong><\/p>\n\n\n\n<p>La Capilla naci\u00f3 mirando al r\u00edo en el siglo XIX (1822) en un sector perif\u00e9rico a la iglesia matriz, pero de camino al puerto de la Villa, lugar donde se asentaba mayoritariamente la poblaci\u00f3n afrodescendiente. Con los nombres de Barrio del Tambor o Barrio del Candombe se conoci\u00f3 popularmente a esta zona donde vivieron m\u00e1s negros libertos durante el siglo XIX.&nbsp;<\/p>\n\n\n\n<p>La singularidad de esta obra puede reconocerse desde diversas miradas: La primera, refiere a su presencia \u00fanica en el espacio urbano, ya que en mayo de 1822 cuando se inicia su construcci\u00f3n, Paran\u00e1 recientemente ascendida a Villa, era un caser\u00edo conformado mayoritariamente por ranchos de paja sin edificios p\u00fablicos que se destaquen. La ausencia de fundaci\u00f3n determin\u00f3 que, hasta su ascenso a la categor\u00eda de Villa, no existiera un cabildo y por ende, las actividades p\u00fablicas se desarrollaban en las residencias particulares de los funcionarios.&nbsp;<\/p>\n\n\n\n<p>El segundo rasgo importante es su tipolog\u00eda espacial y su resoluci\u00f3n estructural, constituida por una nave central de planta cuadrada cubierta por una c\u00fapula con linterna y sostenida por cuatro arcos a la que se adosan dos salas laterales, ya que en el contexto regional no se ha verificado la existencia de otra obra de similares caracter\u00edsticas. Estas condiciones responden a la selecci\u00f3n de los materiales de la industria local, tales como el ladrillo de barro cocido y la cal que se extra\u00eda de las barrancas del Paran\u00e1.&nbsp;<\/p>\n\n\n\n<p><strong>Proceso de restauraci\u00f3n<\/strong><\/p>\n\n\n\n<p>Desde la declaratoria de Monumento Hist\u00f3rico Nacional en el a\u00f1o 2000, proceso que demand\u00f3 la investigaci\u00f3n de un conjunto de actores locales, no hubo posibilidades de concretar una restauraci\u00f3n. A lo largo de esos a\u00f1os una serie de hechos tuvieron que darse para que se consiguiera el objetivo de rescatar a la obra de su olvido, como ser la apertura en 2005 para la Noche de los Museos, a\u00f1o en que se conform\u00f3 la Fundaci\u00f3n San Miguel Arc\u00e1ngel y cuyo objetivo es llevar adelante las gestiones para las obras de restauraci\u00f3n del templo principal. Posteriormente, la falta de mantenimiento provocaron el desprendimiento de elementos ornamentales y la determinaci\u00f3n de cerrar la capilla por razones de seguridad.&nbsp;<\/p>\n\n\n\n<p>En 2015 el Estado Provincial, consciente del valor que representa la obra, propone la reapertura de la misma a trav\u00e9s de un proyecto de visibilizaci\u00f3n que contaba, entre otras, con acciones puntuales de consolidaci\u00f3n que garantizaran el acceso del p\u00fablico sin riesgos. La propuesta contemplaba la realizaci\u00f3n de visitas guiadas y charlas. Al a\u00f1o siguiente, la nueva gesti\u00f3n provincial sum\u00f3 el objetivo de restaurarla, hecho que fue manifestado al Arzobispado de Paran\u00e1, a la saz\u00f3n propietario del bien. De esta manera, el Estado propuso hacer el aporte de los fondos necesarios para el proyecto y la obra de restauraci\u00f3n, en tanto la Parroquia, a trav\u00e9s de la Fundaci\u00f3n San Miguel Arc\u00e1ngel deb\u00eda encargarse de la administraci\u00f3n de esos fondos, contratando el equipo profesional y resolviendo la adjudicaci\u00f3n de las obras a la empresa ganadora del Concurso de Precios. As\u00ed, la obra de restauraci\u00f3n y refuncionalizaci\u00f3n de la Capilla fue iniciada en el a\u00f1o 2018 e inaugurada el 27 de septiembre de 2019.<\/p>\n","protected":false},"excerpt":{"rendered":"<p>En el mes de su aniversario fundacional, la Capilla estar\u00e1 abierta al p\u00fablico con acceso libre y gratuito los d\u00edas viernes y s\u00e1bados de 9 a 11; y de 18 a 20 hs. Este 14 de marzo el hist\u00f3rico edificio cumple 201 a\u00f1os.&nbsp; Siendo el edificio religioso m\u00e1s antiguo de la provincia que se conserva [&hellip;]<\/p>\n","protected":false},"author":5,"featured_media":7843,"comment_status":"open","ping_status":"open","sticky":false,"template":"","format":"standard","meta":{"_et_pb_use_builder":"off","_et_pb_old_content":"","_et_gb_content_width":"","footnotes":""},"categories":[1,28,20],"tags":[],"class_list":["post-7842","post","type-post","status-publish","format-standard","has-post-thumbnail","hentry","category-destacado","category-noticias","category-area-patrimonio"],"_links":{"self":[{"href":"https:\/\/www.entrerios.gov.ar\/cultura\/wp-json\/wp\/v2\/posts\/7842","targetHints":{"allow":["GET"]}}],"collection":[{"href":"https:\/\/www.entrerios.gov.ar\/cultura\/wp-json\/wp\/v2\/posts"}],"about":[{"href":"https:\/\/www.entrerios.gov.ar\/cultura\/wp-json\/wp\/v2\/types\/post"}],"author":[{"embeddable":true,"href":"https:\/\/www.entrerios.gov.ar\/cultura\/wp-json\/wp\/v2\/users\/5"}],"replies":[{"embeddable":true,"href":"https:\/\/www.entrerios.gov.ar\/cultura\/wp-json\/wp\/v2\/comments?post=7842"}],"version-history":[{"count":1,"href":"https:\/\/www.entrerios.gov.ar\/cultura\/wp-json\/wp\/v2\/posts\/7842\/revisions"}],"predecessor-version":[{"id":7844,"href":"https:\/\/www.entrerios.gov.ar\/cultura\/wp-json\/wp\/v2\/posts\/7842\/revisions\/7844"}],"wp:featuredmedia":[{"embeddable":true,"href":"https:\/\/www.entrerios.gov.ar\/cultura\/wp-json\/wp\/v2\/media\/7843"}],"wp:attachment":[{"href":"https:\/\/www.entrerios.gov.ar\/cultura\/wp-json\/wp\/v2\/media?parent=7842"}],"wp:term":[{"taxonomy":"category","embeddable":true,"href":"https:\/\/www.entrerios.gov.ar\/cultura\/wp-json\/wp\/v2\/categories?post=7842"},{"taxonomy":"post_tag","embeddable":true,"href":"https:\/\/www.entrerios.gov.ar\/cultura\/wp-json\/wp\/v2\/tags?post=7842"}],"curies":[{"name":"wp","href":"https:\/\/api.w.org\/{rel}","templated":true}]}}