{"id":7890,"date":"2023-03-19T22:19:00","date_gmt":"2023-03-19T22:19:00","guid":{"rendered":"https:\/\/www.entrerios.gov.ar\/cultura\/?p=7890"},"modified":"2023-03-17T17:21:08","modified_gmt":"2023-03-17T17:21:08","slug":"40-anos-de-democracia-en-el-museo-provincial-de-bellas-artes","status":"publish","type":"post","link":"https:\/\/www.entrerios.gov.ar\/cultura\/40-anos-de-democracia-en-el-museo-provincial-de-bellas-artes\/","title":{"rendered":"<strong>40 a\u00f1os de Democracia en el Museo Provincial de Bellas Artes<\/strong>"},"content":{"rendered":"\n<p><em>Con la presentaci\u00f3n de la instalaci\u00f3n perform\u00e1tica &#8220;Oscura Kermese Oscura&#8221;, el Museo P<strong>r<\/strong>ovincial de Bellas Artes Dr. Pedro E. Mart\u00ednez, dependiente de la Secretar\u00eda de Cultura de la provincia, se suma a las actividades centrales en conmemoraci\u00f3n de un nuevo aniversario del golpe c\u00edvico &#8211; militar organizadas por la Multisectorial de Derechos Humanos de Paran\u00e1 a 40 a\u00f1os de la recuperaci\u00f3n democr\u00e1tica. La apertura ser\u00e1 el viernes 24 de marzo a partir de las&nbsp;18 en el Auditorio del Museo, Buenos Aires 355, con acceso libre y gratuito.<\/em><\/p>\n\n\n\n<p>Como cada a\u00f1o, el Museo Provincial de Bellas Artes -declarado Sitio Nacional de Memoria por haber funcionado en su actual edificio uno de los centros clandestinos de detenci\u00f3n y torturas que existieron en nuestra provincia durante la \u00faltima dictadura- renueva su compromiso de Memoria, Verdad y Justicia con la habilitaci\u00f3n de la instalaci\u00f3n perform\u00e1tica &#8220;Oscura Kermese Oscura&#8221; de Gustavo Hennekens, Victoria Puigcernau, F\u00e9lix Lenzi Colman y Valentina Arlettaz.<\/p>\n\n\n\n<p>La memoria conceptual de la obra elaborada por los autores expresa que &#8220;Oscura Kermese Oscura es una instalaci\u00f3n perform\u00e1tica orientada a la inmersividad que conmemora las tr\u00e1gicas acciones desarrolladas por la \u00faltima dictadura c\u00edvico-militar argentina sobre nuestro pueblo. La sensaci\u00f3n de presencialidad y de contemporaneidad del visitante en la \u00e9poca se da a partir de la interacci\u00f3n de breves datos documentales, entornos po\u00e9ticos y recursos metaf\u00f3ricos que permiten identificar el momento hist\u00f3rico al que la instalaci\u00f3n refiere y, centralmente, a lo particular de lo represivo como modelo de sociedad&#8221;.<\/p>\n\n\n\n<p>La realizaci\u00f3n de la obra cont\u00f3 con el apoyo del \u00c1rea de Producci\u00f3n Audiovisual FCEDU, de la Subsecretar\u00eda de Derechos Humanos del Gobierno de la Provincia de Entre R\u00edos, de la Asociaci\u00f3n Cultural Club El Barrio \/ Memoria Colectiva y del Taller de especializaci\u00f3n II: Imagen de la carrera de Comunicaci\u00f3n Social FCEDU &#8211; UNER.<\/p>\n\n\n\n<p>Por su parte, el Registro \u00danico de la Verdad de la Provincia realizar\u00e1 una intervenci\u00f3n con fotograf\u00edas y testimonios en la rampa de acceso lateral, lugar por donde se ingresaban a las y los detenidos que eran alojados de manera clandestina en el edificio que actualmente ocupa el Museo donde funcionaran dependencias de la Direcci\u00f3n de Investigaciones de la Polic\u00eda de la provincia entre 1977 y 1980.<\/p>\n\n\n\n<p>La instalaci\u00f3n &#8220;Oscura Kermese Oscura&#8221; podr\u00e1 visitarse en el Auditorio del Museo de manera simult\u00e1nea al desarrollo de las actividades previstas para el viernes 24 de marzo en la explanada exterior del Museo donde se llevar\u00e1 a cabo el acto central que cierra la tradicional marcha organizada por la Multisectorial de Derechos Humanos de Paran\u00e1 y quedar\u00e1 habilitada hasta el domingo 23 de abril con acceso libre y gratuito.&nbsp;<\/p>\n\n\n\n<p style=\"font-size:11px\"><strong>Prensa&nbsp;<\/strong><strong>Museo Provincial de Bellas Artes Dr. Pedro E. Mart\u00ednez<\/strong><\/p>\n\n\n\n<p style=\"font-size:11px\">Secretar\u00eda de Cultura &#8211; Gobierno de Entre R\u00edos<\/p>\n","protected":false},"excerpt":{"rendered":"<p>Con la presentaci\u00f3n de la instalaci\u00f3n perform\u00e1tica &#8220;Oscura Kermese Oscura&#8221;, el Museo Provincial de Bellas Artes Dr. Pedro E. Mart\u00ednez, dependiente de la Secretar\u00eda de Cultura de la provincia, se suma a las actividades centrales en conmemoraci\u00f3n de un nuevo aniversario del golpe c\u00edvico &#8211; militar organizadas por la Multisectorial de Derechos Humanos de Paran\u00e1 [&hellip;]<\/p>\n","protected":false},"author":5,"featured_media":7891,"comment_status":"open","ping_status":"open","sticky":false,"template":"","format":"standard","meta":{"_et_pb_use_builder":"off","_et_pb_old_content":"","_et_gb_content_width":"","footnotes":""},"categories":[1,28,9],"tags":[],"class_list":["post-7890","post","type-post","status-publish","format-standard","has-post-thumbnail","hentry","category-destacado","category-noticias","category-museo-bellas-artes"],"_links":{"self":[{"href":"https:\/\/www.entrerios.gov.ar\/cultura\/wp-json\/wp\/v2\/posts\/7890","targetHints":{"allow":["GET"]}}],"collection":[{"href":"https:\/\/www.entrerios.gov.ar\/cultura\/wp-json\/wp\/v2\/posts"}],"about":[{"href":"https:\/\/www.entrerios.gov.ar\/cultura\/wp-json\/wp\/v2\/types\/post"}],"author":[{"embeddable":true,"href":"https:\/\/www.entrerios.gov.ar\/cultura\/wp-json\/wp\/v2\/users\/5"}],"replies":[{"embeddable":true,"href":"https:\/\/www.entrerios.gov.ar\/cultura\/wp-json\/wp\/v2\/comments?post=7890"}],"version-history":[{"count":1,"href":"https:\/\/www.entrerios.gov.ar\/cultura\/wp-json\/wp\/v2\/posts\/7890\/revisions"}],"predecessor-version":[{"id":7892,"href":"https:\/\/www.entrerios.gov.ar\/cultura\/wp-json\/wp\/v2\/posts\/7890\/revisions\/7892"}],"wp:featuredmedia":[{"embeddable":true,"href":"https:\/\/www.entrerios.gov.ar\/cultura\/wp-json\/wp\/v2\/media\/7891"}],"wp:attachment":[{"href":"https:\/\/www.entrerios.gov.ar\/cultura\/wp-json\/wp\/v2\/media?parent=7890"}],"wp:term":[{"taxonomy":"category","embeddable":true,"href":"https:\/\/www.entrerios.gov.ar\/cultura\/wp-json\/wp\/v2\/categories?post=7890"},{"taxonomy":"post_tag","embeddable":true,"href":"https:\/\/www.entrerios.gov.ar\/cultura\/wp-json\/wp\/v2\/tags?post=7890"}],"curies":[{"name":"wp","href":"https:\/\/api.w.org\/{rel}","templated":true}]}}