{"id":7915,"date":"2023-03-23T09:00:00","date_gmt":"2023-03-23T09:00:00","guid":{"rendered":"https:\/\/www.entrerios.gov.ar\/cultura\/?p=7915"},"modified":"2023-03-22T13:53:55","modified_gmt":"2023-03-22T13:53:55","slug":"el-regreso-de-los-pajaros-se-presenta-en-el-ciclo-domingos-de-teatro-en-la-usina","status":"publish","type":"post","link":"https:\/\/www.entrerios.gov.ar\/cultura\/el-regreso-de-los-pajaros-se-presenta-en-el-ciclo-domingos-de-teatro-en-la-usina\/","title":{"rendered":"<strong>\u201cEl regreso de los p\u00e1jaros\u201d se presenta en el Ciclo Domingos de Teatro en la Usina<\/strong>"},"content":{"rendered":"\n<p>Se presenta la \u00faltima obra del mes en homenaje a las mujeres trabajadoras, en el marco del mes M. Ser\u00e1 con entrada libre y gratuita.<\/p>\n\n\n\n<p>Este domingo 26 de marzo, a las 21 hs., en La Vieja Usina, se presenta \u201cEl regreso de los p\u00e1jaros\u201d (Col\u00f3n). La funci\u00f3n, en el marco de Domingos de Teatro es con entrada gratuita, con ingreso por orden de llegada.<\/p>\n\n\n\n<p>El tiempo se escurre a la hora de la siesta en medio de una aparente calma. Aurora vuelve a su lugar natal luego de a\u00f1os de vivir en una gran ciudad. En ese encuentro con su paisaje -que ya no es el mismo- se pone de manifiesto la desmesura que esconde detr\u00e1s de los buenos modales. Son la flora y la fauna del lugar quienes se encargar\u00e1n de empujarla hasta las orillas de su reflejo donde una pregunta le abre el horizonte: \u00bfQu\u00e9 hay del otro lado del r\u00edo?<\/p>\n\n\n\n<p>El regreso de los p\u00e1jaros es un recorrido por el campo donde la realidad y el recuerdo se bifurcan abriendo paso al absurdo en una escena que contiene a la vez la brutalidad humana y la ingenuidad de lo silvestre. Un delirio que, a trav\u00e9s del humor y la danza, cuestiona nuestra mirada cosificadora sobre la naturaleza.<\/p>\n\n\n\n<p>La obra cuenta con dramaturgia y actuaci\u00f3n de Victoria Vinz\u00f3n; direcci\u00f3n de Luciana Schmit y Noel Droz, y realizaci\u00f3n musical de Juli Rod.<\/p>\n\n\n\n<p>El ciclo Domingos de Teatro es una iniciativa impulsada por la Secretar\u00eda de Cultura de Entre R\u00edos, a trav\u00e9s del centro cultural y de convenciones La Vieja Usina, ubicado en la capital entrerriana. Pretende acercar y hacer circular obras entrerrianas y de la regi\u00f3n, al mismo tiempo que generar nuevos p\u00fablicos.&nbsp;<\/p>\n\n\n\n<p>Cabe destacar que el ciclo continuar\u00e1 el domingo siguiente con diversa programaci\u00f3n.<\/p>\n","protected":false},"excerpt":{"rendered":"<p>Se presenta la \u00faltima obra del mes en homenaje a las mujeres trabajadoras, en el marco del mes M. Ser\u00e1 con entrada libre y gratuita. Este domingo 26 de marzo, a las 21 hs., en La Vieja Usina, se presenta \u201cEl regreso de los p\u00e1jaros\u201d (Col\u00f3n). La funci\u00f3n, en el marco de Domingos de Teatro [&hellip;]<\/p>\n","protected":false},"author":5,"featured_media":7916,"comment_status":"open","ping_status":"open","sticky":false,"template":"","format":"standard","meta":{"_et_pb_use_builder":"off","_et_pb_old_content":"","_et_gb_content_width":"","footnotes":""},"categories":[1,28,18],"tags":[],"class_list":["post-7915","post","type-post","status-publish","format-standard","has-post-thumbnail","hentry","category-destacado","category-noticias","category-centro-cultural-la-vieja-usina"],"_links":{"self":[{"href":"https:\/\/www.entrerios.gov.ar\/cultura\/wp-json\/wp\/v2\/posts\/7915","targetHints":{"allow":["GET"]}}],"collection":[{"href":"https:\/\/www.entrerios.gov.ar\/cultura\/wp-json\/wp\/v2\/posts"}],"about":[{"href":"https:\/\/www.entrerios.gov.ar\/cultura\/wp-json\/wp\/v2\/types\/post"}],"author":[{"embeddable":true,"href":"https:\/\/www.entrerios.gov.ar\/cultura\/wp-json\/wp\/v2\/users\/5"}],"replies":[{"embeddable":true,"href":"https:\/\/www.entrerios.gov.ar\/cultura\/wp-json\/wp\/v2\/comments?post=7915"}],"version-history":[{"count":1,"href":"https:\/\/www.entrerios.gov.ar\/cultura\/wp-json\/wp\/v2\/posts\/7915\/revisions"}],"predecessor-version":[{"id":7917,"href":"https:\/\/www.entrerios.gov.ar\/cultura\/wp-json\/wp\/v2\/posts\/7915\/revisions\/7917"}],"wp:featuredmedia":[{"embeddable":true,"href":"https:\/\/www.entrerios.gov.ar\/cultura\/wp-json\/wp\/v2\/media\/7916"}],"wp:attachment":[{"href":"https:\/\/www.entrerios.gov.ar\/cultura\/wp-json\/wp\/v2\/media?parent=7915"}],"wp:term":[{"taxonomy":"category","embeddable":true,"href":"https:\/\/www.entrerios.gov.ar\/cultura\/wp-json\/wp\/v2\/categories?post=7915"},{"taxonomy":"post_tag","embeddable":true,"href":"https:\/\/www.entrerios.gov.ar\/cultura\/wp-json\/wp\/v2\/tags?post=7915"}],"curies":[{"name":"wp","href":"https:\/\/api.w.org\/{rel}","templated":true}]}}