{"id":7979,"date":"2023-03-30T15:10:24","date_gmt":"2023-03-30T15:10:24","guid":{"rendered":"https:\/\/www.entrerios.gov.ar\/cultura\/?p=7979"},"modified":"2023-03-30T15:11:52","modified_gmt":"2023-03-30T15:11:52","slug":"malvina-una-soberania-gaucha-se-presenta-este-domingo-en-la-vieja-usina","status":"publish","type":"post","link":"https:\/\/www.entrerios.gov.ar\/cultura\/malvina-una-soberania-gaucha-se-presenta-este-domingo-en-la-vieja-usina\/","title":{"rendered":"&#8220;Malvina, una soberan\u00eda gaucha&#8221; se presenta este domingo en La Vieja Usina"},"content":{"rendered":"\n<p><br><br>Este 2 de abril el centro cultural provincial La Vieja Usina, y los grupos art\u00edsticos Las Yotivenco y De Costa a Costa de Concepci\u00f3n del Uruguay presentar\u00e1n la obra que narra historias que se entrelazan con la lucha por la soberan\u00eda. Ser\u00e1 a partir de las 21hs con entrada libre y gratuita. <br><br><br><br>En el marco del ciclo Domingos de Teatro en La Usina, este domingo llegar\u00e1 la obra &#8220;Malvina, una soberan\u00eda gaucha&#8221; que cuenta con las actuaciones de Julieta Darquier,<br><br>Agust\u00edn Garc\u00eda y Facundo Torres\u00e1n. La direcci\u00f3n est\u00e1 a cargo de Olivia Reinhartt; la m\u00fasica original de la puesta fue realizada por Facundo Torres\u00e1n; mientras que la investigaci\u00f3n hist\u00f3rica es de Mabel Gradizuela. Participan tambi\u00e9n Daniela Molina en vestuario; Salvador Morera en fotograf\u00eda; y Nelson Salinas con el dise\u00f1o gr\u00e1fico. <br><br><br><br>Sinopsis de la obra<br><br><br><br>Dos paisanos fogoneros narran, a trav\u00e9s de m\u00fasica al estilo entrerriano, la incre\u00edble haza\u00f1a que emprende Rivero, El Gaucho, a lo largo de cuatro meses y algunos d\u00edas.<br><br>El Gaucho Antonio Rivero es aquel paisano valiente y entrerriano, perseguido e icono de nuestra historia que defendi\u00f3 a Malvinas de la usurpaci\u00f3n Brit\u00e1nica.<br><br><br><br>Malvina es aquella que a\u00fan espera luego de dos siglos, la deseada soberan\u00eda&#8230;<br><br><br><br>El ciclo Domingos de Teatro es una iniciativa impulsada por la Secretar\u00eda de Cultura de Entre R\u00edos, a trav\u00e9s del centro cultural y de convenciones La Vieja Usina, ubicado en la capital entrerriana. Pretende acercar y hacer circular obras entrerrianas y de la regi\u00f3n, al mismo tiempo que generar nuevos p\u00fablicos. <br><br><br><br><\/p>\n","protected":false},"excerpt":{"rendered":"<p>Este 2 de abril el centro cultural provincial La Vieja Usina, y los grupos art\u00edsticos Las Yotivenco y De Costa a Costa de Concepci\u00f3n del Uruguay presentar\u00e1n la obra que narra historias que se entrelazan con la lucha por la soberan\u00eda. Ser\u00e1 a partir de las 21hs con entrada libre y gratuita. En el marco [&hellip;]<\/p>\n","protected":false},"author":5,"featured_media":7981,"comment_status":"open","ping_status":"open","sticky":false,"template":"","format":"standard","meta":{"_et_pb_use_builder":"","_et_pb_old_content":"","_et_gb_content_width":"","footnotes":""},"categories":[1,28,18],"tags":[],"class_list":["post-7979","post","type-post","status-publish","format-standard","has-post-thumbnail","hentry","category-destacado","category-noticias","category-centro-cultural-la-vieja-usina"],"_links":{"self":[{"href":"https:\/\/www.entrerios.gov.ar\/cultura\/wp-json\/wp\/v2\/posts\/7979","targetHints":{"allow":["GET"]}}],"collection":[{"href":"https:\/\/www.entrerios.gov.ar\/cultura\/wp-json\/wp\/v2\/posts"}],"about":[{"href":"https:\/\/www.entrerios.gov.ar\/cultura\/wp-json\/wp\/v2\/types\/post"}],"author":[{"embeddable":true,"href":"https:\/\/www.entrerios.gov.ar\/cultura\/wp-json\/wp\/v2\/users\/5"}],"replies":[{"embeddable":true,"href":"https:\/\/www.entrerios.gov.ar\/cultura\/wp-json\/wp\/v2\/comments?post=7979"}],"version-history":[{"count":1,"href":"https:\/\/www.entrerios.gov.ar\/cultura\/wp-json\/wp\/v2\/posts\/7979\/revisions"}],"predecessor-version":[{"id":7980,"href":"https:\/\/www.entrerios.gov.ar\/cultura\/wp-json\/wp\/v2\/posts\/7979\/revisions\/7980"}],"wp:featuredmedia":[{"embeddable":true,"href":"https:\/\/www.entrerios.gov.ar\/cultura\/wp-json\/wp\/v2\/media\/7981"}],"wp:attachment":[{"href":"https:\/\/www.entrerios.gov.ar\/cultura\/wp-json\/wp\/v2\/media?parent=7979"}],"wp:term":[{"taxonomy":"category","embeddable":true,"href":"https:\/\/www.entrerios.gov.ar\/cultura\/wp-json\/wp\/v2\/categories?post=7979"},{"taxonomy":"post_tag","embeddable":true,"href":"https:\/\/www.entrerios.gov.ar\/cultura\/wp-json\/wp\/v2\/tags?post=7979"}],"curies":[{"name":"wp","href":"https:\/\/api.w.org\/{rel}","templated":true}]}}