{"id":8119,"date":"2023-04-09T15:00:48","date_gmt":"2023-04-09T15:00:48","guid":{"rendered":"https:\/\/www.entrerios.gov.ar\/cultura\/?p=8119"},"modified":"2023-04-04T14:29:02","modified_gmt":"2023-04-04T14:29:02","slug":"a-partir-de-abril-vuelve-la-pena-folclorica-a-la-vieja-usina","status":"publish","type":"post","link":"https:\/\/www.entrerios.gov.ar\/cultura\/a-partir-de-abril-vuelve-la-pena-folclorica-a-la-vieja-usina\/","title":{"rendered":"A partir de abril vuelve la pe\u00f1a folcl\u00f3rica a La Vieja Usina"},"content":{"rendered":"\n<p>El Estado Provincial en articulaci\u00f3n con gestores y hacedores culturales de la ciudad ponen en marcha una nueva edici\u00f3n de Usina en Pe\u00f1a. Se realizar\u00e1 a lo largo de ocho meses articuladamente con academias y escuelas de danzas folcl\u00f3ricas de la ciudad y zonas aleda\u00f1as.&nbsp;<\/p>\n\n\n\n<p>Usina en Pe\u00f1a dar\u00e1 comienzo el pr\u00f3ximo 21 de abril a partir de las 19hs con un taller de danzas (a la gorra) y a las 20:30hs inicio de pe\u00f1a que se desarrollar\u00e1 hasta las 00 hs&nbsp; en el centro cultural provincial La Vieja Usina, dependiente de la Secretar\u00eda de Cultura de Entre R\u00edos.&nbsp;La entrada ser\u00e1 libre y gratuita.<\/p>\n\n\n\n<p>La Secretar\u00eda de Cultura de Entre R\u00edos en articulaci\u00f3n con gestores y hacedores culturales de la ciudad realizar\u00e1n Usina en Pe\u00f1a, proponiendo un ciclo de convocatoria abierta a los grupos de danzas de Paran\u00e1 y zonas aleda\u00f1as. Este proyecto cultural tiene como visi\u00f3n y misi\u00f3n liderar una transformaci\u00f3n atendiendo la idea de trabajo colectivo donde bailarines, grupos de danzas, m\u00fasicos, artesanos, personas con discapacidad, de la tercera edad, ni\u00f1os\/as, familias en general sientan como propio ese espacio dedicado al disfrute de la m\u00fasica y el movimiento.&nbsp;<\/p>\n\n\n\n<p>En palabras del Director de la Usina, Anibal Beorda \u201cEstamos llevando a cabo esta iniciativa, que tiene un enorme valor para el sector de las academias de danza, as\u00ed como para los nuevos p\u00fablicos que visitar\u00e1n La Usina. Uno de los primeros pedidos de la Secretar\u00eda de Cultura al asumir la gesti\u00f3n, fue impulsar este ciclo, as\u00ed que estamos m\u00e1s que contentos en presentarles el cronograma anual\u201d.&nbsp;<\/p>\n\n\n\n<p>Los objetivos de la iniciativa son dise\u00f1ar modos alternativos de habitar el espacio p\u00fablico; y potenciar y reactivar el consumo art\u00edstico local en especial de la m\u00fasica y la danza popular regional. A partir de las pe\u00f1as del 2023 la organizaci\u00f3n se propone tambi\u00e9n alentar el encuentro y el esparcimiento; dar a conocer obras art\u00edsticas y el trabajo de diversas escuelas; al mismo tiempo que valorar la diversidad cultural.<\/p>\n\n\n\n<p>Para la realizaci\u00f3n del mismo se cre\u00f3 un cronograma mensual de encuentros que se extender\u00e1 durante ocho meses del 2023 dando inicio en el mes de abril culminando en el mes de noviembre. La selecci\u00f3n de la grilla se realiz\u00f3 por sorteo con los grupos de danzas folcl\u00f3ricas involucrados.<\/p>\n\n\n\n<p>Los grupos que integrar\u00e1n el ciclo son autogestivos, pertenecen a centros de jubilados, asociaciones civiles, y diversos colectivos de bailarines y bailarinas folcl\u00f3ricos\/as. El proyecto es coordinado por la profesora de danzas y gestora cultural Natalia Varon.<\/p>\n\n\n\n<figure class=\"wp-block-image size-large\"><img loading=\"lazy\" decoding=\"async\" width=\"1024\" height=\"683\" src=\"https:\/\/www.entrerios.gov.ar\/cultura\/wp-content\/uploads\/2023\/04\/Usina-en-Pena_1-1-1024x683.jpg\" alt=\"\" class=\"wp-image-8117\" srcset=\"https:\/\/www.entrerios.gov.ar\/cultura\/wp-content\/uploads\/2023\/04\/Usina-en-Pena_1-1-980x653.jpg 980w, https:\/\/www.entrerios.gov.ar\/cultura\/wp-content\/uploads\/2023\/04\/Usina-en-Pena_1-1-480x320.jpg 480w\" sizes=\"auto, (min-width: 0px) and (max-width: 480px) 480px, (min-width: 481px) and (max-width: 980px) 980px, (min-width: 981px) 1024px, 100vw\" \/><\/figure>\n\n\n\n<p><strong>Primer encuentro<\/strong><\/p>\n\n\n\n<p>El 21 de abril a partir de las 19 hs habr\u00e1 un taller de recreaci\u00f3n de la danza folcl\u00f3rica dictado por la&nbsp; C\u00eda. El Grito Sagrado. A partir de las 20 hs comenzar\u00e1 la pe\u00f1a con los m\u00fasicos Lucho Qui\u00f1ones, Nahuel Borr\u00e1, y Sofi Drei. Los ballet invitados ser\u00e1n Ko&#8217; embot\u00e1 y C\u00eda Montielera y Federal. Cabe destacar que de 23 a 00hs habr\u00e1 micr\u00f3fono abierto para las personas interesadas en compartir su arte, especialmente dedicado a la cultura emergente. La cantina de la pe\u00f1a estar\u00e1 a cargo de la C\u00eda. El Grito Sagrado.<\/p>\n","protected":false},"excerpt":{"rendered":"<p>El Estado Provincial en articulaci\u00f3n con gestores y hacedores culturales de la ciudad ponen en marcha una nueva edici\u00f3n de Usina en Pe\u00f1a. Se realizar\u00e1 a lo largo de ocho meses articuladamente con academias y escuelas de danzas folcl\u00f3ricas de la ciudad y zonas aleda\u00f1as.&nbsp; Usina en Pe\u00f1a dar\u00e1 comienzo el pr\u00f3ximo 21 de abril [&hellip;]<\/p>\n","protected":false},"author":5,"featured_media":8118,"comment_status":"open","ping_status":"open","sticky":false,"template":"","format":"standard","meta":{"_et_pb_use_builder":"","_et_pb_old_content":"","_et_gb_content_width":"","footnotes":""},"categories":[1,28,18],"tags":[],"class_list":["post-8119","post","type-post","status-publish","format-standard","has-post-thumbnail","hentry","category-destacado","category-noticias","category-centro-cultural-la-vieja-usina"],"_links":{"self":[{"href":"https:\/\/www.entrerios.gov.ar\/cultura\/wp-json\/wp\/v2\/posts\/8119","targetHints":{"allow":["GET"]}}],"collection":[{"href":"https:\/\/www.entrerios.gov.ar\/cultura\/wp-json\/wp\/v2\/posts"}],"about":[{"href":"https:\/\/www.entrerios.gov.ar\/cultura\/wp-json\/wp\/v2\/types\/post"}],"author":[{"embeddable":true,"href":"https:\/\/www.entrerios.gov.ar\/cultura\/wp-json\/wp\/v2\/users\/5"}],"replies":[{"embeddable":true,"href":"https:\/\/www.entrerios.gov.ar\/cultura\/wp-json\/wp\/v2\/comments?post=8119"}],"version-history":[{"count":1,"href":"https:\/\/www.entrerios.gov.ar\/cultura\/wp-json\/wp\/v2\/posts\/8119\/revisions"}],"predecessor-version":[{"id":8120,"href":"https:\/\/www.entrerios.gov.ar\/cultura\/wp-json\/wp\/v2\/posts\/8119\/revisions\/8120"}],"wp:featuredmedia":[{"embeddable":true,"href":"https:\/\/www.entrerios.gov.ar\/cultura\/wp-json\/wp\/v2\/media\/8118"}],"wp:attachment":[{"href":"https:\/\/www.entrerios.gov.ar\/cultura\/wp-json\/wp\/v2\/media?parent=8119"}],"wp:term":[{"taxonomy":"category","embeddable":true,"href":"https:\/\/www.entrerios.gov.ar\/cultura\/wp-json\/wp\/v2\/categories?post=8119"},{"taxonomy":"post_tag","embeddable":true,"href":"https:\/\/www.entrerios.gov.ar\/cultura\/wp-json\/wp\/v2\/tags?post=8119"}],"curies":[{"name":"wp","href":"https:\/\/api.w.org\/{rel}","templated":true}]}}