{"id":8246,"date":"2023-04-16T22:00:42","date_gmt":"2023-04-16T22:00:42","guid":{"rendered":"https:\/\/www.entrerios.gov.ar\/cultura\/?p=8246"},"modified":"2023-05-18T13:42:55","modified_gmt":"2023-05-18T13:42:55","slug":"se-convoca-a-elencos-entrerrianos-para-el-38-encuentro-entrerriano-de-teatro","status":"publish","type":"post","link":"https:\/\/www.entrerios.gov.ar\/cultura\/se-convoca-a-elencos-entrerrianos-para-el-38-encuentro-entrerriano-de-teatro\/","title":{"rendered":"Se convoca a elencos entrerrianos para el 38\u00b0 Encuentro Entrerriano de Teatro"},"content":{"rendered":"\n<p>Desde el 17 de abril y hasta el 12 de mayo se recibir\u00e1n propuestas de elencos entrerrianos para participar de la fiesta del teatro independiente m\u00e1s importante de la provincia. La iniciativa es impulsada por la Secretar\u00eda de Cultura del Gobierno de Entre R\u00edos en conjunto con la Municipalidad de Concepci\u00f3n del Uruguay.&nbsp;<\/p>\n\n\n\n<p>Se convoca a elencos y grupos de teatro de Entre R\u00edos a presentar obras teatrales y propuestas de artes esc\u00e9nicas que ya hayan sido estrenadas y no hayan participado de las ediciones anteriores del Encuentro. El evento se realizar\u00e1 en Concepci\u00f3n del Uruguay a principios de agosto, con entrada libre y gratuita para toda la comunidad.<\/p>\n\n\n\n<p>Seg\u00fan el Reglamento de la Secretar\u00eda de Cultura, los elencos y\/o grupos de teatro que sean seleccionados, integrar\u00e1n la programaci\u00f3n. Se seleccionar\u00e1n doce obras y\/o propuestas de toda la provincia, respetando los siguientes criterios: dos ser\u00e1n de la ciudad sede (Concepci\u00f3n del Uruguay); como m\u00ednimo dos obras deber\u00e1n ser espect\u00e1culos dirigidos al p\u00fablico infantil; y al menos se elegir\u00e1 una obra por cada una de las Regiones que conforman el Consejo Provincial de Cultura.&nbsp;<\/p>\n\n\n\n<p>La selecci\u00f3n estar\u00e1 a cargo de un Jurado que estar\u00e1 integrado por tres personalidades destacadas de la actividad teatral de la regi\u00f3n, designados por la Secretar\u00eda de Cultura.<\/p>\n\n\n\n<p>El Jurado seleccionar\u00e1 las obras mediante la visualizaci\u00f3n de los videos enviados por cada elenco o grupo concursante. Los criterios de selecci\u00f3n ser\u00e1n: calidad art\u00edstica; antecedentes de los\/as integrantes que presenten las propuestas; y oportunidad t\u00e9cnica-art\u00edstica.<\/p>\n\n\n\n<p>Cada obra seleccionada percibir\u00e1 un cachet de $83.000 por la actuaci\u00f3n que realice el elenco.<\/p>\n\n\n\n<p><strong>Postulaciones<\/strong><\/p>\n\n\n\n<p>El formato de presentaci\u00f3n de las obras ser\u00e1 digital por medio de un <strong>Formulario<\/strong> Google disponible <a href=\"https:\/\/docs.google.com\/forms\/d\/e\/1FAIpQLScmB7Rcuvs8buV45lBItmOh2R-k-g69h-xkh58TdWIrGZXX0w\/viewform\" target=\"_blank\" rel=\"noreferrer noopener\">https:\/\/docs.google.com\/forms\/d\/e\/1FAIpQLScmB7Rcuvs8buV45lBItmOh2R-k-g69h-xkh58TdWIrGZXX0w\/viewform<\/a>&nbsp;<\/p>\n\n\n\n<p><strong>Plazos<\/strong><\/p>\n\n\n\n<p>Convocatoria: del 17 de abril al 12 de mayo de 2023, inclusive.<\/p>\n\n\n\n<p>Evaluaci\u00f3n del jurado: del 15 de mayo al 16 de junio de 2023.<\/p>\n\n\n\n<p>Evento: del 3 al 6 de agosto de 2023.<\/p>\n\n\n\n<p>Para descargar el <strong>Reglamento<\/strong> acceder al siguiente enlace: <a href=\"https:\/\/drive.google.com\/file\/d\/16U7YozuP6sbV5Pj-nFT4-kKexbaOaiad\/view?usp=sharing\" target=\"_blank\" rel=\"noreferrer noopener\">https:\/\/drive.google.com\/file\/d\/16U7YozuP6sbV5Pj-nFT4-kKexbaOaiad\/view?usp=sharing<\/a>&nbsp;<\/p>\n\n\n\n<p><strong>Un nuevo a\u00f1o junto al teatro independiente entrerriano<\/strong><\/p>\n\n\n\n<p>La recuperaci\u00f3n del Encuentro Provincial de Teatro, que tuvo lugar en 2019, demostr\u00f3 el inter\u00e9s del Gobierno de Entre R\u00edos por promover la profesionalizaci\u00f3n del sector e impulsar la proyecci\u00f3n de las y los artistas entrerrianos. Al mismo tiempo, el alto acompa\u00f1amiento de los diferentes p\u00fablicos de la costa del Uruguay, puso de manifiesto la gran valoraci\u00f3n al arte esc\u00e9nico, en especial al teatro independiente. En 2023 se apuesta fuertemente a impulsar la actividad art\u00edstica y hacer circular bienes culturales a toda la comunidad.<\/p>\n\n\n\n<p>Foto: EET 2022_ Obra Mujer con caja de herramientas Archivo SCER<\/p>\n","protected":false},"excerpt":{"rendered":"<p>Desde el 17 de abril y hasta el 12 de mayo se recibir\u00e1n propuestas de elencos entrerrianos para participar de la fiesta del teatro independiente m\u00e1s importante de la provincia. La iniciativa es impulsada por la Secretar\u00eda de Cultura del Gobierno de Entre R\u00edos en conjunto con la Municipalidad de Concepci\u00f3n del Uruguay.&nbsp; Se convoca [&hellip;]<\/p>\n","protected":false},"author":5,"featured_media":8245,"comment_status":"open","ping_status":"open","sticky":false,"template":"","format":"standard","meta":{"_et_pb_use_builder":"","_et_pb_old_content":"","_et_gb_content_width":"","footnotes":""},"categories":[1,28,58,23],"tags":[],"class_list":["post-8246","post","type-post","status-publish","format-standard","has-post-thumbnail","hentry","category-destacado","category-noticias","category-concursos-cerrados","category-consejo-provincial-de-cultura"],"_links":{"self":[{"href":"https:\/\/www.entrerios.gov.ar\/cultura\/wp-json\/wp\/v2\/posts\/8246","targetHints":{"allow":["GET"]}}],"collection":[{"href":"https:\/\/www.entrerios.gov.ar\/cultura\/wp-json\/wp\/v2\/posts"}],"about":[{"href":"https:\/\/www.entrerios.gov.ar\/cultura\/wp-json\/wp\/v2\/types\/post"}],"author":[{"embeddable":true,"href":"https:\/\/www.entrerios.gov.ar\/cultura\/wp-json\/wp\/v2\/users\/5"}],"replies":[{"embeddable":true,"href":"https:\/\/www.entrerios.gov.ar\/cultura\/wp-json\/wp\/v2\/comments?post=8246"}],"version-history":[{"count":1,"href":"https:\/\/www.entrerios.gov.ar\/cultura\/wp-json\/wp\/v2\/posts\/8246\/revisions"}],"predecessor-version":[{"id":8247,"href":"https:\/\/www.entrerios.gov.ar\/cultura\/wp-json\/wp\/v2\/posts\/8246\/revisions\/8247"}],"wp:featuredmedia":[{"embeddable":true,"href":"https:\/\/www.entrerios.gov.ar\/cultura\/wp-json\/wp\/v2\/media\/8245"}],"wp:attachment":[{"href":"https:\/\/www.entrerios.gov.ar\/cultura\/wp-json\/wp\/v2\/media?parent=8246"}],"wp:term":[{"taxonomy":"category","embeddable":true,"href":"https:\/\/www.entrerios.gov.ar\/cultura\/wp-json\/wp\/v2\/categories?post=8246"},{"taxonomy":"post_tag","embeddable":true,"href":"https:\/\/www.entrerios.gov.ar\/cultura\/wp-json\/wp\/v2\/tags?post=8246"}],"curies":[{"name":"wp","href":"https:\/\/api.w.org\/{rel}","templated":true}]}}