{"id":8258,"date":"2023-04-17T22:20:17","date_gmt":"2023-04-17T22:20:17","guid":{"rendered":"https:\/\/www.entrerios.gov.ar\/cultura\/?p=8258"},"modified":"2023-04-17T22:20:52","modified_gmt":"2023-04-17T22:20:52","slug":"este-viernes-comienza-usina-en-pena","status":"publish","type":"post","link":"https:\/\/www.entrerios.gov.ar\/cultura\/este-viernes-comienza-usina-en-pena\/","title":{"rendered":"Este viernes comienza Usina en Pe\u00f1a"},"content":{"rendered":"\n<p>Este viernes 21 de abril a partir de las 19hs se realizar\u00e1 Usina en Pe\u00f1a en el centro cultural provincial La Vieja Usina, dependiente de la Secretar\u00eda de Cultura de Entre R\u00edos. La iniciativa es articulada en conjunto con gestores y hacedores culturales dedicados a las danzas y m\u00fasicas de la regi\u00f3n.<\/p>\n\n\n\n<p>Una nueva edici\u00f3n de Usina en Pe\u00f1a se llevar\u00e1 a cabo a lo largo de ocho meses en un trabajo de gesti\u00f3n articulado con academias y escuelas de danzas folcl\u00f3ricas de la ciudad y zonas aleda\u00f1as. Comienza este viernes con entrada libre y gratuita.<\/p>\n\n\n\n<p>El 21 de abril a partir de las 19 hs habr\u00e1 un taller de recreaci\u00f3n de la danza folcl\u00f3rica Dictado por la&nbsp; C\u00eda. El Grito Sagrado. A partir de las 20 hs comenzar\u00e1 con los m\u00fasicos: Lucho Qui\u00f1ones, Nahuel Borr\u00e1, y Sofi Drei. Los ballet invitados ser\u00e1n Ko&#8217; embot\u00e1 y C\u00eda Montielera y Federal. Cabe destacar que de 23 a 00hs habr\u00e1 micr\u00f3fono abierto para las personas interesadas en compartir su arte, especialmente dedicado a la cultura emergente.&nbsp;<\/p>\n\n\n\n<p>Anfitriones de abril: Compa\u00f1ia Folklorica El Grito&nbsp; Sagrado&nbsp;<\/p>\n\n\n\n<p>El Grito Sagrado es una compa\u00f1\u00eda folkl\u00f3rica dirigida por Cristian \u201cColo\u201d Lescano y Denise Lescano, ambos bailarines nacidos en la ciudad de Viale (Entre R\u00edos), con un amplio recorrido en el \u00e1mbito nacional de la danza folcl\u00f3rica, as\u00ed como una importante trayectoria como docentes en el campo de las artes pl\u00e1sticas, danc\u00edsticas y musicales.<\/p>\n\n\n\n<p>El grupo inici\u00f3 sus actividades en marzo de 2016. Hasta la actualidad, ha participado de diferentes cert\u00e1menes y festivales a nivel local, provincial, nacional e internacional, obteniendo reconocimientos por su trabajo y dedicaci\u00f3n, reflejo de la calidad de sus productos art\u00edsticos. Asimismo ha colaborado con reconocidos artistas de la m\u00fasica folkl\u00f3rica.&nbsp;<\/p>\n\n\n\n<p>La Compa\u00f1\u00eda trabaja en pos de la cultura y del fomento de la danza. En este sentido, se esfuerza por transmitir e incentivar valores individuales y grupales orientados a la disciplina laboral y al desarrollo profesional de cada uno de sus integrantes. As\u00ed es que no solo dedica un arduo trabajo a la creaci\u00f3n de coreograf\u00edas, al estudio argumentativo de sus cuadros, a la confecci\u00f3n de vestuarios y a la producci\u00f3n de escenograf\u00edas, sino que tambi\u00e9n se avoca a la preparaci\u00f3n y capacitaci\u00f3n de bailarines a trav\u00e9s de su Taller de Formaci\u00f3n abierto a la comunidad.&nbsp;<\/p>\n\n\n\n<p>Actualmente la grupalidad est\u00e1 integrada por Natalia Rojas, Tamara Qui\u00f1ones, Tiziana Martinez, Celeste Jacobi, Luciana Rios, Micaela Bubillo, Carlos Aramayo, Amilcar Gervasoni<\/p>\n\n\n\n<p>Adrian Gamarra, Juan Vazquez, Alejandro Ledesma y Alejandro Robaglio; contando con la direcci\u00f3n de Lescano Denise y Lescano Cristian.<\/p>\n\n\n\n<p><strong>Sobre Usina en Pe\u00f1a<\/strong>\u00a0<\/p>\n\n\n\n<p>Los objetivos de la iniciativa son dise\u00f1ar modos alternativos de habitar el espacio p\u00fablico; y potenciar y reactivar el consumo art\u00edstico local en especial de la m\u00fasica y la danza popular regional. A partir de las pe\u00f1as del 2023 la organizaci\u00f3n se propone tambi\u00e9n alentar el encuentro y el esparcimiento; dar a conocer obras art\u00edsticas y el trabajo de diversas escuelas; al mismo tiempo que valorar la diversidad cultural.<\/p>\n\n\n\n<p>Los grupos de danzas folcl\u00f3ricas que integrar\u00e1n el ciclo son autogestivos, pertenecen a centros de jubilados, asociaciones civiles, y diversos colectivos de bailarines y bailarinas folcl\u00f3ricos\/as. El proyecto es coordinado por la profesora de danzas y gestora cultural Natalia Varon.<\/p>\n\n\n\n<p>Portada: foto Compa\u00f1\u00eda El Grito Sagrado<\/p>\n","protected":false},"excerpt":{"rendered":"<p>Este viernes 21 de abril a partir de las 19hs se realizar\u00e1 Usina en Pe\u00f1a en el centro cultural provincial La Vieja Usina, dependiente de la Secretar\u00eda de Cultura de Entre R\u00edos. La iniciativa es articulada en conjunto con gestores y hacedores culturales dedicados a las danzas y m\u00fasicas de la regi\u00f3n. Una nueva edici\u00f3n [&hellip;]<\/p>\n","protected":false},"author":5,"featured_media":8257,"comment_status":"open","ping_status":"open","sticky":false,"template":"","format":"standard","meta":{"_et_pb_use_builder":"","_et_pb_old_content":"","_et_gb_content_width":"","footnotes":""},"categories":[1,28,18],"tags":[],"class_list":["post-8258","post","type-post","status-publish","format-standard","has-post-thumbnail","hentry","category-destacado","category-noticias","category-centro-cultural-la-vieja-usina"],"_links":{"self":[{"href":"https:\/\/www.entrerios.gov.ar\/cultura\/wp-json\/wp\/v2\/posts\/8258","targetHints":{"allow":["GET"]}}],"collection":[{"href":"https:\/\/www.entrerios.gov.ar\/cultura\/wp-json\/wp\/v2\/posts"}],"about":[{"href":"https:\/\/www.entrerios.gov.ar\/cultura\/wp-json\/wp\/v2\/types\/post"}],"author":[{"embeddable":true,"href":"https:\/\/www.entrerios.gov.ar\/cultura\/wp-json\/wp\/v2\/users\/5"}],"replies":[{"embeddable":true,"href":"https:\/\/www.entrerios.gov.ar\/cultura\/wp-json\/wp\/v2\/comments?post=8258"}],"version-history":[{"count":1,"href":"https:\/\/www.entrerios.gov.ar\/cultura\/wp-json\/wp\/v2\/posts\/8258\/revisions"}],"predecessor-version":[{"id":8259,"href":"https:\/\/www.entrerios.gov.ar\/cultura\/wp-json\/wp\/v2\/posts\/8258\/revisions\/8259"}],"wp:featuredmedia":[{"embeddable":true,"href":"https:\/\/www.entrerios.gov.ar\/cultura\/wp-json\/wp\/v2\/media\/8257"}],"wp:attachment":[{"href":"https:\/\/www.entrerios.gov.ar\/cultura\/wp-json\/wp\/v2\/media?parent=8258"}],"wp:term":[{"taxonomy":"category","embeddable":true,"href":"https:\/\/www.entrerios.gov.ar\/cultura\/wp-json\/wp\/v2\/categories?post=8258"},{"taxonomy":"post_tag","embeddable":true,"href":"https:\/\/www.entrerios.gov.ar\/cultura\/wp-json\/wp\/v2\/tags?post=8258"}],"curies":[{"name":"wp","href":"https:\/\/api.w.org\/{rel}","templated":true}]}}