{"id":8275,"date":"2023-04-20T10:00:06","date_gmt":"2023-04-20T10:00:06","guid":{"rendered":"https:\/\/www.entrerios.gov.ar\/cultura\/?p=8275"},"modified":"2023-04-19T10:21:16","modified_gmt":"2023-04-19T10:21:16","slug":"la-obra-soy-sonia-se-presenta-este-domingo-en-el-ciclo-teatral-de-la-vieja-usina","status":"publish","type":"post","link":"https:\/\/www.entrerios.gov.ar\/cultura\/la-obra-soy-sonia-se-presenta-este-domingo-en-el-ciclo-teatral-de-la-vieja-usina\/","title":{"rendered":"La obra Soy Sonia se presenta este domingo en el ciclo teatral de La Vieja Usina"},"content":{"rendered":"\n<p>Este domingo 23 de abril el centro cultural provincial La Vieja Usina, y el grupo Salida de Emergencia (Gualeguay) presentar\u00e1n la obra Soy Sonia. Ser\u00e1 a partir de las 20hs con entrada libre y gratuita.&nbsp;<\/p>\n\n\n\n<p>El ciclo Domingos de Teatro es una iniciativa impulsada por la Secretar\u00eda de Cultura de Entre R\u00edos, a trav\u00e9s del centro cultural y de convenciones La Vieja Usina, ubicado en la capital entrerriana. Pretende acercar y hacer circular obras entrerrianas y de la regi\u00f3n, al mismo tiempo que generar nuevos p\u00fablicos.&nbsp;<\/p>\n\n\n\n<p>En Soy Sonia una mujer joven visita a un hombre que est\u00e1 en coma. D\u00eda a d\u00eda le va haciendo un inventario de sus experiencias, como si ese relato cargara una vitalidad capaz de mantenerlo vivo, o incluso, de recuperarlo. Una extra\u00f1a medicina que se va inoculando en cada encuentro y que va dibujando el mapa de una relaci\u00f3n err\u00e1tica.&nbsp;<\/p>\n\n\n\n<p>Como el movimiento violento que cambia una diapositiva por otra, cada visita es un golpe que intenta reanimar ese cuerpo inconsciente, inanimado como una fotograf\u00eda.<\/p>\n\n\n\n<p><strong>Ficha t\u00e9cnica:<\/strong><\/p>\n\n\n\n<p>Actriz: Virginia Pezzutti<\/p>\n\n\n\n<p>Asistente de direcci\u00f3n: Alejandro Guerscovich<\/p>\n\n\n\n<p>Vestuario: Laura Lucca<\/p>\n\n\n\n<p>Operador de proyecci\u00f3n: Gast\u00f3n Miranda<\/p>\n\n\n\n<p>Iluminaci\u00f3n: Romina de la Cruz<\/p>\n\n\n\n<p>Fotograf\u00eda y gr\u00e1fica: Agust\u00edn Colli<\/p>\n\n\n\n<p>Texto y direcci\u00f3n: Gast\u00f3n D\u00edaz&nbsp;<\/p>\n\n\n\n<p>Soy Sonia de Gast\u00f3n D\u00edaz es una coproducci\u00f3n entre Liebre de Marzo (Gualeguay, Entre R\u00edos), El semillero gesti\u00f3n y producci\u00f3n (Bah\u00eda Blanca, Buenos Aires) y Espacio S\u00edsmico (CABA). Fue estrenada en agosto de 2019 en Liebre de Marzo. Obtuvo subsidio de producci\u00f3n del INT y del Fondo Municipal de Bah\u00eda Blanca. La obra particip\u00f3 de las ediciones de los Encuentros de Formaci\u00f3n Teatral \u201cEl Semillero\u201d Mar del Plata 2019, y Bah\u00eda Blanca 2019, de la Fiesta Provincial de Teatro Entre R\u00edos 2021, del Festival Rompeviento, en General Roca \/ Fiske, y otros festivales.<\/p>\n\n\n\n<p>Salida de Emergencia grupo<\/p>\n\n\n\n<p>Es un grupo de teatro de Gualeguay, activo desde el a\u00f1o 2006. Dirigido por Gast\u00f3n D\u00edaz, ha montado obras de dramaturgia propia, creaciones colectivas y de otros autores argentinos. Trabaja con sede en Liebre de Marzo espacio teatral, lugar donde produce y estrena sus obras. Ha realizado funciones en todo el pa\u00eds, participado de festivales y encuentros teatrales. Tambi\u00e9n le han sido otorgados numerosos reconocimientos. La grupalidad est\u00e1 conformada por Agust\u00edn Gonz\u00e1lez, Gast\u00f3n D\u00edaz, Virginia Pezzutti, y Alejandro Guerscovich.<\/p>\n\n\n\n<p>Algunas de las obras realizadas son La Procuradora (2022); Mi humo al sol (2020); Soy Sonia (2019); y Gu\u00eda Semanal de ideas (2016).&nbsp;<\/p>\n\n\n\n<p><strong>Centro Cultural y de Convenciones La Vieja Usina<\/strong><\/p>\n\n\n\n<p><strong>Gregoria Matorras 861- Paran\u00e1 &#8211; Entre R\u00edos.<\/strong><\/p>\n\n\n\n<p><strong>Tel\u00e9fono: 0343 4211074&nbsp;<\/strong><\/p>\n\n\n\n<p><strong>Facebook La Vieja Usina<\/strong><\/p>\n\n\n\n<p><strong>Instagram @la_vieja_usina_parana<\/strong><\/p>\n","protected":false},"excerpt":{"rendered":"<p>Este domingo 23 de abril el centro cultural provincial La Vieja Usina, y el grupo Salida de Emergencia (Gualeguay) presentar\u00e1n la obra Soy Sonia. Ser\u00e1 a partir de las 20hs con entrada libre y gratuita.&nbsp; El ciclo Domingos de Teatro es una iniciativa impulsada por la Secretar\u00eda de Cultura de Entre R\u00edos, a trav\u00e9s del [&hellip;]<\/p>\n","protected":false},"author":5,"featured_media":8274,"comment_status":"open","ping_status":"open","sticky":false,"template":"","format":"standard","meta":{"_et_pb_use_builder":"","_et_pb_old_content":"","_et_gb_content_width":"","footnotes":""},"categories":[1,28,18],"tags":[],"class_list":["post-8275","post","type-post","status-publish","format-standard","has-post-thumbnail","hentry","category-destacado","category-noticias","category-centro-cultural-la-vieja-usina"],"_links":{"self":[{"href":"https:\/\/www.entrerios.gov.ar\/cultura\/wp-json\/wp\/v2\/posts\/8275","targetHints":{"allow":["GET"]}}],"collection":[{"href":"https:\/\/www.entrerios.gov.ar\/cultura\/wp-json\/wp\/v2\/posts"}],"about":[{"href":"https:\/\/www.entrerios.gov.ar\/cultura\/wp-json\/wp\/v2\/types\/post"}],"author":[{"embeddable":true,"href":"https:\/\/www.entrerios.gov.ar\/cultura\/wp-json\/wp\/v2\/users\/5"}],"replies":[{"embeddable":true,"href":"https:\/\/www.entrerios.gov.ar\/cultura\/wp-json\/wp\/v2\/comments?post=8275"}],"version-history":[{"count":1,"href":"https:\/\/www.entrerios.gov.ar\/cultura\/wp-json\/wp\/v2\/posts\/8275\/revisions"}],"predecessor-version":[{"id":8276,"href":"https:\/\/www.entrerios.gov.ar\/cultura\/wp-json\/wp\/v2\/posts\/8275\/revisions\/8276"}],"wp:featuredmedia":[{"embeddable":true,"href":"https:\/\/www.entrerios.gov.ar\/cultura\/wp-json\/wp\/v2\/media\/8274"}],"wp:attachment":[{"href":"https:\/\/www.entrerios.gov.ar\/cultura\/wp-json\/wp\/v2\/media?parent=8275"}],"wp:term":[{"taxonomy":"category","embeddable":true,"href":"https:\/\/www.entrerios.gov.ar\/cultura\/wp-json\/wp\/v2\/categories?post=8275"},{"taxonomy":"post_tag","embeddable":true,"href":"https:\/\/www.entrerios.gov.ar\/cultura\/wp-json\/wp\/v2\/tags?post=8275"}],"curies":[{"name":"wp","href":"https:\/\/api.w.org\/{rel}","templated":true}]}}