{"id":8282,"date":"2023-04-23T13:00:54","date_gmt":"2023-04-23T13:00:54","guid":{"rendered":"https:\/\/www.entrerios.gov.ar\/cultura\/?p=8282"},"modified":"2023-04-19T17:02:01","modified_gmt":"2023-04-19T17:02:01","slug":"el-museo-provincial-de-bellas-artes-abrio-su-temporada-anual-de-visitas-guiadas-grupales","status":"publish","type":"post","link":"https:\/\/www.entrerios.gov.ar\/cultura\/el-museo-provincial-de-bellas-artes-abrio-su-temporada-anual-de-visitas-guiadas-grupales\/","title":{"rendered":"El Museo Provincial de Bellas Artes abri\u00f3 su temporada anual de visitas guiadas grupales"},"content":{"rendered":"\n<p><em>Como cada a\u00f1o, el Museo Provincial de Bellas Artes Dr. Pedro E. Mart\u00ednez, dependiente de la Secretar\u00eda de Cultura del Gobierno de Entre R\u00edos, pone a disposici\u00f3n de la comunidad su Programa Anual de Visitas Guiadas grupales 2023.<\/em><\/p>\n\n\n\n<p>Los recorridos especialmente dise\u00f1ados por el Departamento de Educaci\u00f3n e Investigaci\u00f3n del Museo se brindan de manera gratuita y accesible para todo p\u00fablico con reserva previa de turnos.<\/p>\n\n\n\n<p>Las actividades se desarrollan atendiendo las franjas etarias e intereses particulares de quienes solicitan la visitan, para de ese modo facilitar el pleno acceso y el disfrute de las diferentes propuestas que presenta el Museo en su calendario anual.<\/p>\n\n\n\n<p>Las visitas son brindadas en horario matutino y vespertino por personal especializado de la instituci\u00f3n y est\u00e1n pensadas para instituciones educativas de todos los niveles -desde pre-primaria hasta educaci\u00f3n superior-, vecinales, clubes, talleres de arte y cualquier grupo de personas que desee un recorrido acompa\u00f1ado por la diversidad de propuestas que el museo ofrece.<\/p>\n\n\n\n<p>Tanto las actividades como el ingreso al Museo son totalmente gratuitos.<br \/>Los turnos deben solicitarse previamente llamando a los tel\u00e9fonos 343 4207868\/918 de Martes a Viernes exclusivamente en el horario de 8 a 12.30.<\/p>\n\n\n\n<p>Prensa Museo Provincial de Bellas Artes Dr. Pedro E. Mart\u00ednez<br \/>Secretar\u00eda de Cultura &#8211; Gobierno de Entre R\u00edos<br \/>Buenos Aires 355 &#8211; Paran\u00e1<\/p>\n","protected":false},"excerpt":{"rendered":"<p>Como cada a\u00f1o, el Museo Provincial de Bellas Artes Dr. Pedro E. Mart\u00ednez, dependiente de la Secretar\u00eda de Cultura del Gobierno de Entre R\u00edos, pone a disposici\u00f3n de la comunidad su Programa Anual de Visitas Guiadas grupales 2023. Los recorridos especialmente dise\u00f1ados por el Departamento de Educaci\u00f3n e Investigaci\u00f3n del Museo se brindan de manera [&hellip;]<\/p>\n","protected":false},"author":5,"featured_media":8281,"comment_status":"open","ping_status":"open","sticky":false,"template":"","format":"standard","meta":{"_et_pb_use_builder":"","_et_pb_old_content":"","_et_gb_content_width":"","footnotes":""},"categories":[1,28,8],"tags":[],"class_list":["post-8282","post","type-post","status-publish","format-standard","has-post-thumbnail","hentry","category-destacado","category-noticias","category-museo-ciencias-naturales"],"_links":{"self":[{"href":"https:\/\/www.entrerios.gov.ar\/cultura\/wp-json\/wp\/v2\/posts\/8282","targetHints":{"allow":["GET"]}}],"collection":[{"href":"https:\/\/www.entrerios.gov.ar\/cultura\/wp-json\/wp\/v2\/posts"}],"about":[{"href":"https:\/\/www.entrerios.gov.ar\/cultura\/wp-json\/wp\/v2\/types\/post"}],"author":[{"embeddable":true,"href":"https:\/\/www.entrerios.gov.ar\/cultura\/wp-json\/wp\/v2\/users\/5"}],"replies":[{"embeddable":true,"href":"https:\/\/www.entrerios.gov.ar\/cultura\/wp-json\/wp\/v2\/comments?post=8282"}],"version-history":[{"count":1,"href":"https:\/\/www.entrerios.gov.ar\/cultura\/wp-json\/wp\/v2\/posts\/8282\/revisions"}],"predecessor-version":[{"id":8283,"href":"https:\/\/www.entrerios.gov.ar\/cultura\/wp-json\/wp\/v2\/posts\/8282\/revisions\/8283"}],"wp:featuredmedia":[{"embeddable":true,"href":"https:\/\/www.entrerios.gov.ar\/cultura\/wp-json\/wp\/v2\/media\/8281"}],"wp:attachment":[{"href":"https:\/\/www.entrerios.gov.ar\/cultura\/wp-json\/wp\/v2\/media?parent=8282"}],"wp:term":[{"taxonomy":"category","embeddable":true,"href":"https:\/\/www.entrerios.gov.ar\/cultura\/wp-json\/wp\/v2\/categories?post=8282"},{"taxonomy":"post_tag","embeddable":true,"href":"https:\/\/www.entrerios.gov.ar\/cultura\/wp-json\/wp\/v2\/tags?post=8282"}],"curies":[{"name":"wp","href":"https:\/\/api.w.org\/{rel}","templated":true}]}}