{"id":8297,"date":"2023-04-28T10:00:06","date_gmt":"2023-04-28T10:00:06","guid":{"rendered":"https:\/\/www.entrerios.gov.ar\/cultura\/?p=8297"},"modified":"2023-04-25T12:42:10","modified_gmt":"2023-04-25T12:42:10","slug":"el-unipersonal-cuando-el-mundo-entero-dormia-se-presenta-en-domingos-de-teatro-en-la-usina","status":"publish","type":"post","link":"https:\/\/www.entrerios.gov.ar\/cultura\/el-unipersonal-cuando-el-mundo-entero-dormia-se-presenta-en-domingos-de-teatro-en-la-usina\/","title":{"rendered":"El unipersonal \u201cCuando el mundo entero dorm\u00eda\u201d se presenta en Domingos de Teatro en La Usina"},"content":{"rendered":"\n<p>Un unipersonal interpretado por Rosario Correa, con direcci\u00f3n de Patricia Velzi, basado en el cuento \u201cEl coraz\u00f3n delator\u201d de Edgar Allan Poe se presentar\u00e1 este domingo en el ciclo teatral de La Vieja Usina, dependiente de la Secretar\u00eda de Cultura de Entre R\u00edos.<\/p>\n\n\n\n<p>Este domingo 30 de abril el centro cultural provincial La Vieja Usina y El Grupo de Concordia presentan \u201cCuando el mundo entero dorm\u00eda\u201d a partir de las 20hs con entrada libre y gratuita.&nbsp;<\/p>\n\n\n\n<p>El ciclo Domingos de Teatro es una iniciativa impulsada por la Secretar\u00eda de Cultura de Entre R\u00edos, a trav\u00e9s del centro cultural y de convenciones La Vieja Usina, ubicado en la capital entrerriana. Pretende acercar y hacer circular obras entrerrianas y de la regi\u00f3n, al mismo tiempo que generar nuevos p\u00fablicos.&nbsp;<\/p>\n\n\n\n<p>La obra cuenta con m\u00fasica original de Diego Perich\u00f3n y Guillermo Russo, el dise\u00f1o de vestuario y escenograf\u00eda de la artista pl\u00e1stica Julia Ruedas.<\/p>\n\n\n\n<p>Una ni\u00f1a de 11 a\u00f1os, de familia numerosa y sin recursos, es acogida por un hombre pudiente y solitario para que realice las tareas dom\u00e9sticas de la casa. La llama Sara, aunque su nombre es Ramona. Pasan much\u00edsimos a\u00f1os y el hombre provechoso se vuelve viejo y decr\u00e9pito. Ella, aunque rota y gastada, y no precisamente por el paso del tiempo, se siente lista para recuperar su verdadero nombre. Una historia peculiar de sometimiento, abusos e identidad arrebatada.&nbsp;<\/p>\n\n\n\n<p>La propuesta art\u00edstica de la obra tiene como primer impulso creativo y de investigaci\u00f3n la idea de poder interrogar el suspenso como elecci\u00f3n est\u00e9tica y de g\u00e9nero. Dicha investigaci\u00f3n recorri\u00f3 transversalmente tanto la actuaci\u00f3n, como as\u00ed tambi\u00e9n la elecci\u00f3n narrativa y los signos de la puesta.&nbsp;<\/p>\n\n\n\n<p>Ficha T\u00e9cnica<\/p>\n\n\n\n<p>Idea y actuaci\u00f3n: Rosario Correa \/ Adaptaci\u00f3n y dramaturgia: Patricia Velzi y Rosario Correa \/ Direcci\u00f3n: Patricia Velzi \/ Asistencia general: Sergio Calvo \/ M\u00fasica original: Diego Perich\u00f3n y Guillermo Ruso \/ Entrenamiento vocal: Lucas Salvarrey \/Dise\u00f1o de vestuario y escenograf\u00eda: Julia Ruedas \/ Realizaci\u00f3n: Julia Ruedas y El grupo \/ Dise\u00f1o de luces: Patricia Velzi \/ Fotos: Santiago David \/ Operaci\u00f3n t\u00e9cnica: Sergio Calvo y Patricia Velzi \/ Producci\u00f3n general: El grupo.<\/p>\n\n\n\n<p>\u201cCuando el mundo entero dorm\u00eda\u201d se estren\u00f3 en Concordia, la ciudad originaria del grupo, el s\u00e1bado 29 de octubre de 2022 en \u201cLa Cigarrera\u201d espacio cultural, realizando su primera temporada teatral a sala llena durante cuatro s\u00e1bados consecutivos.&nbsp; En el marco del programa \u201cReactiva Escena\u201d del INT realiz\u00f3 una funci\u00f3n en otra sala de la ciudad \u201cPueblo Viejo\u201d. Fue seleccionada para participar del festival &#8220;Viv\u00ed Teatro\u201d, en Chajar\u00ed en mayo de 2023. Fue invitada a participar en el Festival de Teatro Experimental DESCONECTADO A 969, a realizarse en noviembre en Santiago de Cuba, Cuba.<\/p>\n\n\n\n<p>Este espect\u00e1culo cuenta con el apoyo del Instituto Nacional del Teatro y la Subsecretar\u00eda de<\/p>\n\n\n\n<p>Turismo, Cultura e Innovaci\u00f3n de la Municipalidad de Concordia.<\/p>\n\n\n\n<p>Foto: Santiago David<\/p>\n","protected":false},"excerpt":{"rendered":"<p>Un unipersonal interpretado por Rosario Correa, con direcci\u00f3n de Patricia Velzi, basado en el cuento \u201cEl coraz\u00f3n delator\u201d de Edgar Allan Poe se presentar\u00e1 este domingo en el ciclo teatral de La Vieja Usina, dependiente de la Secretar\u00eda de Cultura de Entre R\u00edos. Este domingo 30 de abril el centro cultural provincial La Vieja Usina [&hellip;]<\/p>\n","protected":false},"author":5,"featured_media":8296,"comment_status":"open","ping_status":"open","sticky":false,"template":"","format":"standard","meta":{"_et_pb_use_builder":"","_et_pb_old_content":"","_et_gb_content_width":"","footnotes":""},"categories":[1,28,18],"tags":[],"class_list":["post-8297","post","type-post","status-publish","format-standard","has-post-thumbnail","hentry","category-destacado","category-noticias","category-centro-cultural-la-vieja-usina"],"_links":{"self":[{"href":"https:\/\/www.entrerios.gov.ar\/cultura\/wp-json\/wp\/v2\/posts\/8297","targetHints":{"allow":["GET"]}}],"collection":[{"href":"https:\/\/www.entrerios.gov.ar\/cultura\/wp-json\/wp\/v2\/posts"}],"about":[{"href":"https:\/\/www.entrerios.gov.ar\/cultura\/wp-json\/wp\/v2\/types\/post"}],"author":[{"embeddable":true,"href":"https:\/\/www.entrerios.gov.ar\/cultura\/wp-json\/wp\/v2\/users\/5"}],"replies":[{"embeddable":true,"href":"https:\/\/www.entrerios.gov.ar\/cultura\/wp-json\/wp\/v2\/comments?post=8297"}],"version-history":[{"count":1,"href":"https:\/\/www.entrerios.gov.ar\/cultura\/wp-json\/wp\/v2\/posts\/8297\/revisions"}],"predecessor-version":[{"id":8298,"href":"https:\/\/www.entrerios.gov.ar\/cultura\/wp-json\/wp\/v2\/posts\/8297\/revisions\/8298"}],"wp:featuredmedia":[{"embeddable":true,"href":"https:\/\/www.entrerios.gov.ar\/cultura\/wp-json\/wp\/v2\/media\/8296"}],"wp:attachment":[{"href":"https:\/\/www.entrerios.gov.ar\/cultura\/wp-json\/wp\/v2\/media?parent=8297"}],"wp:term":[{"taxonomy":"category","embeddable":true,"href":"https:\/\/www.entrerios.gov.ar\/cultura\/wp-json\/wp\/v2\/categories?post=8297"},{"taxonomy":"post_tag","embeddable":true,"href":"https:\/\/www.entrerios.gov.ar\/cultura\/wp-json\/wp\/v2\/tags?post=8297"}],"curies":[{"name":"wp","href":"https:\/\/api.w.org\/{rel}","templated":true}]}}