{"id":8549,"date":"2023-06-07T00:50:27","date_gmt":"2023-06-07T00:50:27","guid":{"rendered":"https:\/\/www.entrerios.gov.ar\/cultura\/?p=8549"},"modified":"2023-06-07T00:51:10","modified_gmt":"2023-06-07T00:51:10","slug":"junio-sera-el-mes-dedicado-a-los-herbarios-en-el-museo-provincial-antonio-serrano","status":"publish","type":"post","link":"https:\/\/www.entrerios.gov.ar\/cultura\/junio-sera-el-mes-dedicado-a-los-herbarios-en-el-museo-provincial-antonio-serrano\/","title":{"rendered":"Junio ser\u00e1 el mes dedicado a los herbarios en el Museo Provincial Antonio Serrano"},"content":{"rendered":"\n<p>Este jueves se realizar\u00e1 una actividad abierta a todo p\u00fablico sobre las colecciones bot\u00e1nicas del Museo de Ciencias Naturales y Antropol\u00f3gicas \u201cProf. Antonio Serrano\u201d, con salida de campo para observaci\u00f3n de especies.&nbsp; Tambi\u00e9n tendr\u00e1 lugar un laboratorio de investigaci\u00f3n y producci\u00f3n art\u00edstica sobre la biodiversidad de los humedales y su conservaci\u00f3n.<\/p>\n\n\n\n<p>Las colecciones bot\u00e1nicas, com\u00fanmente llamadas herbarios, son colecciones de plantas desecadas en debidas condiciones para conservar la forma y posici\u00f3n de sus partes.&nbsp; Son el \u00fanico documento permanente de la vegetaci\u00f3n sobre el planeta que contiene toda la informaci\u00f3n que sirve de base para numerosas disciplinas cient\u00edficas.<br \/>En el Museo de Ciencias Naturales y Antropol\u00f3gicas \u201cProf. Antonio Serrano\u201d, organismo dependiente de la Secretar\u00eda de Cultura de la Provincia, se encuentra un herbario que alberga m\u00e1s de 3000 ejemplares de plantas, conformando una fuente muy importante de documentaci\u00f3n, conservaci\u00f3n y comprensi\u00f3n de la flora nativa. Sus ejemplares m\u00e1s antiguos datan de 1912. Un acervo cultural y vegetal invaluable y \u00fanico sobre la biodiversidad de la regi\u00f3n.<\/p>\n\n\n\n<p>\u201cCon el objetivo de resaltar y difundir el valor de esta importante colecci\u00f3n y\u00a0 de los herbarios en general, para el mes de junio programamos una serie de actividades trabajando de manera interdisciplinar con distintos profesionales del \u00e1mbito art\u00edstico y la investigaci\u00f3n cient\u00edfica, que se realizar\u00e1n de manera gratuita y para todo p\u00fablico\u201d, expres\u00f3 la directora del Museo, Gisela Bahler.<\/p>\n\n\n\n<figure class=\"wp-block-image size-large\"><img loading=\"lazy\" decoding=\"async\" width=\"1024\" height=\"683\" src=\"https:\/\/www.entrerios.gov.ar\/cultura\/wp-content\/uploads\/2023\/06\/Herbario-MAS-1024x683.jpg\" alt=\"\" class=\"wp-image-8547\" srcset=\"https:\/\/www.entrerios.gov.ar\/cultura\/wp-content\/uploads\/2023\/06\/Herbario-MAS-980x653.jpg 980w, https:\/\/www.entrerios.gov.ar\/cultura\/wp-content\/uploads\/2023\/06\/Herbario-MAS-480x320.jpg 480w\" sizes=\"auto, (min-width: 0px) and (max-width: 480px) 480px, (min-width: 481px) and (max-width: 980px) 980px, (min-width: 981px) 1024px, 100vw\" \/><\/figure>\n\n\n\n<p><strong>Actividades:<\/strong><br \/>Taller. El herbario del Serrano: memorias de la biodiversidad.<br \/>Se trabajar\u00e1 sobre las colecciones bot\u00e1nicas del Museo y la construcci\u00f3n de herbarios. Salida de campo para observaci\u00f3n y recolecci\u00f3n de especies.<br \/>Jueves 8 de junio, 15hs. Museo Serrano, Calle Gardel 62.<\/p>\n\n\n\n<p>Proyecto Herbario Humedal<br \/>Laboratorio de investigaci\u00f3n, formaci\u00f3n y producci\u00f3n art\u00edstica en torno al Herbario organizado por J. R. B\u00e1ez, actualmente parte de la colecci\u00f3n patrimonial del Museo.<br \/>Destinado a artistas, referentes ambientales, culturales y p\u00fablico en general interesado en proyectos de arte, ciencia, tecnolog\u00eda y medio ambiente.<br \/>I Encuentro: s\u00e1bado 24 de junio, de 15 a 19 hs. Museo Serrano<br \/>II Encuentro: domingo 25 de junio, de 10 a 14 hs.Humedales del Oeste, Paran\u00e1<br \/>III Encuentro: martes 27 de junio, de 15 a 19 hs en ArteLAB, Escuela de Artes Visuales de UADER.<br \/>Inscripci\u00f3n abierta hasta el 16 de junio.<br \/>link del formulario:&nbsp;<a href=\"https:\/\/forms.gle\/aJbqhNRyQX4Q3igV8\" rel=\"noreferrer noopener\" target=\"_blank\">https:\/\/forms.gle\/aJbqhNRyQX4Q3igV8<\/a><br \/>Por consultas dirigirse a:&nbsp;<a href=\"mailto:observatoriointerespecies@gmail.com\" target=\"_blank\" rel=\"noreferrer noopener\">observatoriointerespecies@gmail.com<\/a><br \/>Dicho proyecto es organizado por el el Museo de Ciencias Naturales y Antropol\u00f3gicas \u201cProf. Antonio Serrano\u201d y el Observatorio de Arte y Estudios Interespecies integrado por Francisco Paredes, Gabriela Mungu\u00eda, Guadalupe Ch\u00e1vez, Pablo A. Varela y Juan Agust\u00edn Carpinello. Tambi\u00e9n cuenta con el apoyo del Programa de Activar Patrimonio del<br \/>Ministerio de Cultura de la Naci\u00f3n.<\/p>\n\n\n\n<p>(Prensa Museo Provincial de Ciencias Naturales y Antropol\u00f3gicas \u201cProf. Antonio Serrano\u201d)<\/p>\n","protected":false},"excerpt":{"rendered":"<p>Este jueves se realizar\u00e1 una actividad abierta a todo p\u00fablico sobre las colecciones bot\u00e1nicas del Museo de Ciencias Naturales y Antropol\u00f3gicas \u201cProf. Antonio Serrano\u201d, con salida de campo para observaci\u00f3n de especies.&nbsp; Tambi\u00e9n tendr\u00e1 lugar un laboratorio de investigaci\u00f3n y producci\u00f3n art\u00edstica sobre la biodiversidad de los humedales y su conservaci\u00f3n. Las colecciones bot\u00e1nicas, com\u00fanmente [&hellip;]<\/p>\n","protected":false},"author":5,"featured_media":8548,"comment_status":"open","ping_status":"open","sticky":false,"template":"","format":"standard","meta":{"_et_pb_use_builder":"","_et_pb_old_content":"","_et_gb_content_width":"","footnotes":""},"categories":[1,28,8],"tags":[],"class_list":["post-8549","post","type-post","status-publish","format-standard","has-post-thumbnail","hentry","category-destacado","category-noticias","category-museo-ciencias-naturales"],"_links":{"self":[{"href":"https:\/\/www.entrerios.gov.ar\/cultura\/wp-json\/wp\/v2\/posts\/8549","targetHints":{"allow":["GET"]}}],"collection":[{"href":"https:\/\/www.entrerios.gov.ar\/cultura\/wp-json\/wp\/v2\/posts"}],"about":[{"href":"https:\/\/www.entrerios.gov.ar\/cultura\/wp-json\/wp\/v2\/types\/post"}],"author":[{"embeddable":true,"href":"https:\/\/www.entrerios.gov.ar\/cultura\/wp-json\/wp\/v2\/users\/5"}],"replies":[{"embeddable":true,"href":"https:\/\/www.entrerios.gov.ar\/cultura\/wp-json\/wp\/v2\/comments?post=8549"}],"version-history":[{"count":1,"href":"https:\/\/www.entrerios.gov.ar\/cultura\/wp-json\/wp\/v2\/posts\/8549\/revisions"}],"predecessor-version":[{"id":8550,"href":"https:\/\/www.entrerios.gov.ar\/cultura\/wp-json\/wp\/v2\/posts\/8549\/revisions\/8550"}],"wp:featuredmedia":[{"embeddable":true,"href":"https:\/\/www.entrerios.gov.ar\/cultura\/wp-json\/wp\/v2\/media\/8548"}],"wp:attachment":[{"href":"https:\/\/www.entrerios.gov.ar\/cultura\/wp-json\/wp\/v2\/media?parent=8549"}],"wp:term":[{"taxonomy":"category","embeddable":true,"href":"https:\/\/www.entrerios.gov.ar\/cultura\/wp-json\/wp\/v2\/categories?post=8549"},{"taxonomy":"post_tag","embeddable":true,"href":"https:\/\/www.entrerios.gov.ar\/cultura\/wp-json\/wp\/v2\/tags?post=8549"}],"curies":[{"name":"wp","href":"https:\/\/api.w.org\/{rel}","templated":true}]}}