{"id":8664,"date":"2023-06-21T09:32:24","date_gmt":"2023-06-21T09:32:24","guid":{"rendered":"https:\/\/www.entrerios.gov.ar\/cultura\/?p=8664"},"modified":"2023-08-09T19:54:36","modified_gmt":"2023-08-09T19:54:36","slug":"convocatoria-abre-el-concurso-premio-provincial-a-la-pieza-unica-artesanal-2023","status":"publish","type":"post","link":"https:\/\/www.entrerios.gov.ar\/cultura\/convocatoria-abre-el-concurso-premio-provincial-a-la-pieza-unica-artesanal-2023\/","title":{"rendered":"Convocatoria:\u00a0Abre el Concurso Premio Provincial a la Pieza \u00danica Artesanal 2023"},"content":{"rendered":"\n<p>La Secretar\u00eda de Cultura de Entre R\u00edos -a trav\u00e9s de su organismo Museo y Mercado Provincial de Artesan\u00edas \u201cCarlos Asia\u00edn\u201d- lanza la convocatoria anual que premia a la Pieza \u00danica Artesanal. El concurso incentiva la las producciones artesanales de toda la provincia. Se trata de la tercera edici\u00f3n consecutiva.&nbsp;<\/p>\n\n\n\n<p>Se convoca a artesanas y artesanos de la provincia a participar de este nuevo concurso provincial que tiene como objetivo contribuir a la difusi\u00f3n del patrimonio cultural revalorizando la creatividad, originalidad y calidad de las artesan\u00edas entrerrianas, a la vez de enriquecer el Patrimonio del Museo y del Gobierno Provincial mediante la incorporaci\u00f3n de la obras premiadas. La convocatoria estar\u00e1 abierta hasta el 4 de agosto 2023.<\/p>\n\n\n\n<p>Podr\u00e1n participar artesanos y artesanas, mayores de 18 a\u00f1os, nativos\/as o con una residencia m\u00ednima de dos a\u00f1os en la provincia de Entre R\u00edos previos a la fecha de la presente convocatoria. Los artesanos y artesanas deber\u00e1n estar inscriptos en el Registro Provincial de Artesanas y Artesanos de Entre R\u00edos&nbsp; (Reproar- Ley N\u00b0 10.659) o haber iniciado el tr\u00e1mite de registraci\u00f3n antes de la fecha de cierre de inscripci\u00f3n.<\/p>\n\n\n\n<p>La inscripci\u00f3n de los\/as participantes y la presentaci\u00f3n de las piezas artesanales se realizar\u00e1 exclusivamente a trav\u00e9s de correo electr\u00f3nico. Para tal fin los\/as artesanos\/as deber\u00e1n enviar un e-mail a&nbsp;<a href=\"mailto:concursoartesanias.er@gmail.com\" target=\"_blank\" rel=\"noreferrer noopener\">concursoartesanias.er@gmail.com<\/a>&nbsp;con el asunto: Concurso Provincial Pieza \u00danica Artesanal 2023 conteniendo la documentaci\u00f3n requerida en el&nbsp;<a href=\"https:\/\/drive.google.com\/file\/d\/1ga0GwGxpKXRElMhv3EtnjHbQNXmOs8vU\/view\" target=\"_blank\" rel=\"noreferrer noopener\">REGLAMENTO DEL CONCURSO<\/a>&nbsp;<\/p>\n\n\n\n<p>&nbsp;Las y los artesanos participantes podr\u00e1n postular hasta dos piezas artesanales de su autor\u00eda.&nbsp; Las mismas deber\u00e1n ajustarse a las pautas de evaluaci\u00f3n de las artesan\u00edas seg\u00fan los criterios adoptados en la Ley N\u00ba 10.659, pudiendo anexar informaci\u00f3n conceptual, memoria t\u00e9cnica, bocetos, etc.<\/p>\n\n\n\n<p>La presentaci\u00f3n se realizar\u00e1 a trav\u00e9s del env\u00edo de tres fotograf\u00edas por cada pieza artesanal.<\/p>\n\n\n\n<p><strong>Premios<\/strong><\/p>\n\n\n\n<p>Los premios tienen car\u00e1cter de adquisici\u00f3n y son indivisibles. Se har\u00e1n efectivos de acuerdo con las disponibilidades presupuestarias y en las fechas y modalidad que la Secretar\u00eda de Cultura disponga y sus montos ser\u00e1n los siguientes:&nbsp;<\/p>\n\n\n\n<p>1\u00ba Premio Adquisici\u00f3n: Pesos Doscientos Cuarenta Mil ($240.000,00.-)<\/p>\n\n\n\n<p>2\u00ba Premio Adquisici\u00f3n: Pesos Ciento Ochenta Mil ($180.000,00.-)<\/p>\n\n\n\n<p>3\u00ba Premio Adquisici\u00f3n: Pesos Ciento Cuarenta Mil ($140.000,00.-)<\/p>\n\n\n\n<p>Este concurso en una iniciativa m\u00e1s de la Secretar\u00eda de Cultura de Entre R\u00edos y del Museo y Mercado Provincial de Artesan\u00edas \u201cCarlos Asia\u00edn\u201d para revalorizar y reconocer el trabajo de artesanas y artesanos, quienes con sus manos crean y resignifican los saberes ancestrales y los oficios artesanales construyendo en cada una de sus piezas la identidad cultural entrerriana.<\/p>\n\n\n\n<p>Reglamento:&nbsp;<a href=\"https:\/\/drive.google.com\/file\/d\/1ga0GwGxpKXRElMhv3EtnjHbQNXmOs8vU\/view\" target=\"_blank\" rel=\"noreferrer noopener\">https:\/\/drive.google.com\/file\/d\/1ga0GwGxpKXRElMhv3EtnjHbQNXmOs8vU\/view<\/a><\/p>\n\n\n\n<p>Calendario&nbsp;<\/p>\n\n\n\n<p>CONVOCATORIA: 21 de junio al 4 de agosto 2023<\/p>\n\n\n\n<p>RECEPCI\u00d3N DE POSTULACIONES: desde el&nbsp; 31 de Julio&nbsp; al&nbsp; 4 de agosto&nbsp; 2023<\/p>\n\n\n\n<p>PRESELECCI\u00d3N Y ACEPTACI\u00d3N DE OBRAS: el jurado actuar\u00e1 a tal efecto a partir del 11 al 14 de agosto del 2023<\/p>\n\n\n\n<p>COMUNICACI\u00d3N DE OBRAS SELECCIONADAS: 15 de Agosto de 2023<\/p>\n\n\n\n<p>RECEPCI\u00d3N DE OBRAS SELECCIONADAS: Desde el&nbsp; 16 al 25 de agosto de 2023 inclusive (8 a 12 hs) No se recibir\u00e1n obras los fines de semana, ni feriados. No se recibir\u00e1n obras que lleguen fuera de los plazos, d\u00edas, horarios indicados y que no cumplan con lo establecido en el reglamento.<\/p>\n\n\n\n<p>EL JURADO DE PREMIACI\u00d3N SE REUNIR\u00c1&nbsp; ENTRE LOS D\u00cdAS: 30 y 31 de agosto de 2023 y dar\u00e1 a conocer sus decisiones el d\u00eda 1\u00b0 de septiembre de 2023.&nbsp;<\/p>\n\n\n\n<p>CEREMONIA DE PREMIACI\u00d3N E&nbsp; INAUGURACI\u00d3N DE LA EXPOSICI\u00d3N DE LAS OBRAS SELECCIONADAS: 14 de septiembre de 2023<\/p>\n\n\n\n<p>EXPOSICI\u00d3N: Desde el 15 de septiembre al 31 de octubre de 2023<\/p>\n\n\n\n<p>M\u00e1s informaci\u00f3n:&nbsp;<a href=\"mailto:museoymercadodeartesanias.er@gmail.com\" target=\"_blank\" rel=\"noreferrer noopener\">museoymercadodeartesanias.er@gmail.com<\/a><\/p>\n","protected":false},"excerpt":{"rendered":"<p>La Secretar\u00eda de Cultura de Entre R\u00edos -a trav\u00e9s de su organismo Museo y Mercado Provincial de Artesan\u00edas \u201cCarlos Asia\u00edn\u201d- lanza la convocatoria anual que premia a la Pieza \u00danica Artesanal. El concurso incentiva la las producciones artesanales de toda la provincia. Se trata de la tercera edici\u00f3n consecutiva.&nbsp; Se convoca a artesanas y artesanos [&hellip;]<\/p>\n","protected":false},"author":5,"featured_media":8665,"comment_status":"open","ping_status":"open","sticky":false,"template":"","format":"standard","meta":{"_et_pb_use_builder":"off","_et_pb_old_content":"","_et_gb_content_width":"","footnotes":""},"categories":[1,28,58,16],"tags":[],"class_list":["post-8664","post","type-post","status-publish","format-standard","has-post-thumbnail","hentry","category-destacado","category-noticias","category-concursos-cerrados","category-museo-y-mercado-de-artesanias"],"_links":{"self":[{"href":"https:\/\/www.entrerios.gov.ar\/cultura\/wp-json\/wp\/v2\/posts\/8664","targetHints":{"allow":["GET"]}}],"collection":[{"href":"https:\/\/www.entrerios.gov.ar\/cultura\/wp-json\/wp\/v2\/posts"}],"about":[{"href":"https:\/\/www.entrerios.gov.ar\/cultura\/wp-json\/wp\/v2\/types\/post"}],"author":[{"embeddable":true,"href":"https:\/\/www.entrerios.gov.ar\/cultura\/wp-json\/wp\/v2\/users\/5"}],"replies":[{"embeddable":true,"href":"https:\/\/www.entrerios.gov.ar\/cultura\/wp-json\/wp\/v2\/comments?post=8664"}],"version-history":[{"count":1,"href":"https:\/\/www.entrerios.gov.ar\/cultura\/wp-json\/wp\/v2\/posts\/8664\/revisions"}],"predecessor-version":[{"id":8666,"href":"https:\/\/www.entrerios.gov.ar\/cultura\/wp-json\/wp\/v2\/posts\/8664\/revisions\/8666"}],"wp:featuredmedia":[{"embeddable":true,"href":"https:\/\/www.entrerios.gov.ar\/cultura\/wp-json\/wp\/v2\/media\/8665"}],"wp:attachment":[{"href":"https:\/\/www.entrerios.gov.ar\/cultura\/wp-json\/wp\/v2\/media?parent=8664"}],"wp:term":[{"taxonomy":"category","embeddable":true,"href":"https:\/\/www.entrerios.gov.ar\/cultura\/wp-json\/wp\/v2\/categories?post=8664"},{"taxonomy":"post_tag","embeddable":true,"href":"https:\/\/www.entrerios.gov.ar\/cultura\/wp-json\/wp\/v2\/tags?post=8664"}],"curies":[{"name":"wp","href":"https:\/\/api.w.org\/{rel}","templated":true}]}}