{"id":8685,"date":"2023-06-24T20:00:00","date_gmt":"2023-06-24T20:00:00","guid":{"rendered":"https:\/\/www.entrerios.gov.ar\/cultura\/?p=8685"},"modified":"2023-06-22T20:07:33","modified_gmt":"2023-06-22T20:07:33","slug":"se-prepara-el-encuentro-nacional-de-composicion-en-parana","status":"publish","type":"post","link":"https:\/\/www.entrerios.gov.ar\/cultura\/se-prepara-el-encuentro-nacional-de-composicion-en-parana\/","title":{"rendered":"Se prepara el Encuentro Nacional de Composici\u00f3n en Paran\u00e1\u00a0"},"content":{"rendered":"\n<p>Las compositoras Marita Londra, Lucy Patan\u00e9, Nora Sarmoria y Liliana Vitale compartir\u00e1n escenario con artistas entrerrianas. Ana Su\u00f1\u00e9, Lucy Patan\u00e9 y Charo Bogar\u00edn brindar\u00e1n charlas de gesti\u00f3n musical y ley de cupo. Las actividades se completar\u00e1n con presentaciones y talleres. Todas las propuestas ser\u00e1n libres y gratuitas.&nbsp;<\/p>\n\n\n\n<figure class=\"wp-block-image\"><img decoding=\"async\" src=\"https:\/\/lh4.googleusercontent.com\/TjfJawyEdtTWCE6B0nrpi9EaOs6DGTbzdXsjJgC_qTD40PsvnBY9UNedrlHy8D29Esw8V2o1tWV-gYyHwPGLQaJtiBz2sW8Ta-bpiyzKilnc_ugUWMSxveObWf6D5I0_DkGQLTkC0OCHo5Cz03HSumc\" alt=\"\"\/><\/figure>\n\n\n\n<p class=\"has-text-align-right\"><em>Liliana Vitale estar\u00e1 el s\u00e1bado 8 de julio a las 20:30hs en La Vieja Usina<\/em><\/p>\n\n\n\n<p>SAVIA, es un Encuentro Nacional de Composici\u00f3n que tendr\u00e1 lugar en Paran\u00e1 el 7, 8 y 9 de julio. La propuesta es organizada por el Colectivo Compositoras Entre R\u00edos en coproducci\u00f3n con la Secretar\u00eda de Cultura de la Provincia. Cuenta con el apoyo de la Secretar\u00eda de Gesti\u00f3n Cultural del Ministerio de la Naci\u00f3n y la Municipalidad de Paran\u00e1.&nbsp;<\/p>\n\n\n\n<p><strong>Recitales gratuitos<\/strong><\/p>\n\n\n\n<p>El viernes 7 de julio Marita Londra y Lucy Patan\u00e9 se reunir\u00e1n en el escenario con el grupo Compositoras en Bandada.<\/p>\n\n\n\n<p>El s\u00e1bado 8, el d\u00fao Agustina Schreider-Silvia Salomone, Brenda Espinosa, Susana Ratcliff y grupo, y el d\u00fao Alcira recibir\u00e1n a Liliana Vitale.<\/p>\n\n\n\n<p>Los recitales ser\u00e1n gratuitos y comenzar\u00e1n a las 20:30 hs en La Vieja Usina ubicada en Gregoria Matorras 861 de Paran\u00e1.&nbsp;<\/p>\n\n\n\n<p><strong>Pe\u00f1a al sol<\/strong><\/p>\n\n\n\n<p>El patio Casa de la Cultura ser\u00e1 el lugar de la cita para una pe\u00f1a al sol. En ese marco la artista Nora Sarmoria compartir\u00e1 sus canciones. Adem\u00e1s habr\u00e1 micr\u00f3fono abierto para quienes gusten compartir. La pe\u00f1a comenzar\u00e1 a las 13:30 hs el s\u00e1bado.&nbsp;<\/p>\n\n\n\n<p><strong>Charlas<\/strong><\/p>\n\n\n\n<figure class=\"wp-block-image\"><img decoding=\"async\" src=\"https:\/\/lh5.googleusercontent.com\/Non42ASmEExN-K7VZKIMCp4QSfRCMPypECxWJcPTbK3tIzOselCY8uH95Cqqd5porGfoW_FsV8PnkC2_yT_ah4IgSA0ZwxNwgnE1tzFSwwAJMAuxnZ4DEwRSBXYBYllZCVA5-R3WX4N0Yos-keOrqAU\" alt=\"\"\/><\/figure>\n\n\n\n<p class=\"has-text-align-right\"><em>Ana su\u00f1\u00e9\/Lucy Patan\u00e9\/Charo Bogar\u00edn&nbsp;<\/em><\/p>\n\n\n\n<p>Una Charla sobre Ley de Cupo se realizar\u00e1 en articulaci\u00f3n con el Instituto Nacional de la M\u00fasica (INAMU) el viernes 7 de julio a las 13:30 hs en la Casa de la Cultura de Entre R\u00edos. La actividad ser\u00e1 presentada por la vicepresidenta del INAMU, Charo Bogar\u00edn. En la misma, se abordar\u00e1 el proceso de implementaci\u00f3n de la Ley N\u00b0 27.539, de Cupo Femenino&nbsp;<\/p>\n\n\n\n<p>En la misma jornada pero en el Centro Cultural La Vieja Usina tendr\u00e1 lugar el encuentro<strong>&nbsp;<\/strong><em>Conversaciones sobre producci\u00f3n y gesti\u00f3n musical \u00bfQu\u00e9 sigue luego de la composici\u00f3n?.&nbsp;<\/em>Ana Su\u00f1\u00e9 y Lucy Patan\u00e9 presentar\u00e1n la actividad que dar\u00e1 comienzo a las 18:30 hs.<\/p>\n\n\n\n<p><strong>Talleres tem\u00e1ticos<\/strong><\/p>\n\n\n\n<p>Contin\u00faan abiertas las inscripciones a los talleres tem\u00e1ticos y gratuitos de SAVIA ingresando a el siguiente\u00a0<a rel=\"noreferrer noopener\" href=\"https:\/\/docs.google.com\/forms\/d\/e\/1FAIpQLSceWlzHghKvQr-aIolRx0JTgd3iC4KwQ4YPWLh010wlMCFVvw\/viewform\" target=\"_blank\"><strong>FORMULARIO<\/strong><\/a>\u00a0hasta el 30 de junio.<\/p>\n\n\n\n<p>Ser\u00e1n siete los espacios gratuitos de formaci\u00f3n y creaci\u00f3n musical en el marco del Encuentro. Nora Sarmoria, Andrea \u00c1lvarez, Karen Pastrana, Sandra Corizzo, Flopa Suksdorf, Judith de Le\u00f3n y Agustina Schreider ser\u00e1n las coordinadoras de los diferentes espacios.<\/p>\n\n\n\n<p><strong>Para consultar el PROGRAMA completo de SAVIA ingresar en:<\/strong>&nbsp;&nbsp;<\/p>\n\n\n\n<p><a href=\"https:\/\/drive.google.com\/file\/d\/12f6AkPOhBjtanf_awnU-fTOic-BbHLTx\/view?usp=sharing\"><strong>https:\/\/drive.google.com\/file\/d\/12f6AkPOhBjtanf_awnU-fTOic-BbHLTx\/view?usp=sharing<\/strong><\/a><\/p>\n\n\n\n<p><\/p>\n\n\n\n<p><strong>Redes sociales de SAVIA y Colectivo Compositoras Entre R\u00edos:<\/strong><\/p>\n\n\n\n<p>FB: lascompositoras<\/p>\n\n\n\n<p>IG:&nbsp;<a href=\"http:\/\/compositoras.er\/\" target=\"_blank\" rel=\"noreferrer noopener\">compositoras.er<\/a><\/p>\n\n\n\n<p>YouTube:&nbsp;<a href=\"https:\/\/www.youtube.com\/@lascompositoras9014\" target=\"_blank\" rel=\"noreferrer noopener\">https:\/\/www.youtube.com\/@lascompositoras9014<\/a><\/p>\n","protected":false},"excerpt":{"rendered":"<p>Las compositoras Marita Londra, Lucy Patan\u00e9, Nora Sarmoria y Liliana Vitale compartir\u00e1n escenario con artistas entrerrianas. Ana Su\u00f1\u00e9, Lucy Patan\u00e9 y Charo Bogar\u00edn brindar\u00e1n charlas de gesti\u00f3n musical y ley de cupo. Las actividades se completar\u00e1n con presentaciones y talleres. Todas las propuestas ser\u00e1n libres y gratuitas.&nbsp; Liliana Vitale estar\u00e1 el s\u00e1bado 8 de julio [&hellip;]<\/p>\n","protected":false},"author":5,"featured_media":0,"comment_status":"open","ping_status":"open","sticky":false,"template":"","format":"standard","meta":{"_et_pb_use_builder":"off","_et_pb_old_content":"","_et_gb_content_width":"","footnotes":""},"categories":[1,28,106,19,18,4],"tags":[],"class_list":["post-8685","post","type-post","status-publish","format-standard","hentry","category-destacado","category-noticias","category-capacitaciones","category-casa-de-la-cultura-de-er","category-centro-cultural-la-vieja-usina","category-iaaer"],"_links":{"self":[{"href":"https:\/\/www.entrerios.gov.ar\/cultura\/wp-json\/wp\/v2\/posts\/8685","targetHints":{"allow":["GET"]}}],"collection":[{"href":"https:\/\/www.entrerios.gov.ar\/cultura\/wp-json\/wp\/v2\/posts"}],"about":[{"href":"https:\/\/www.entrerios.gov.ar\/cultura\/wp-json\/wp\/v2\/types\/post"}],"author":[{"embeddable":true,"href":"https:\/\/www.entrerios.gov.ar\/cultura\/wp-json\/wp\/v2\/users\/5"}],"replies":[{"embeddable":true,"href":"https:\/\/www.entrerios.gov.ar\/cultura\/wp-json\/wp\/v2\/comments?post=8685"}],"version-history":[{"count":1,"href":"https:\/\/www.entrerios.gov.ar\/cultura\/wp-json\/wp\/v2\/posts\/8685\/revisions"}],"predecessor-version":[{"id":8686,"href":"https:\/\/www.entrerios.gov.ar\/cultura\/wp-json\/wp\/v2\/posts\/8685\/revisions\/8686"}],"wp:attachment":[{"href":"https:\/\/www.entrerios.gov.ar\/cultura\/wp-json\/wp\/v2\/media?parent=8685"}],"wp:term":[{"taxonomy":"category","embeddable":true,"href":"https:\/\/www.entrerios.gov.ar\/cultura\/wp-json\/wp\/v2\/categories?post=8685"},{"taxonomy":"post_tag","embeddable":true,"href":"https:\/\/www.entrerios.gov.ar\/cultura\/wp-json\/wp\/v2\/tags?post=8685"}],"curies":[{"name":"wp","href":"https:\/\/api.w.org\/{rel}","templated":true}]}}