{"id":8856,"date":"2023-07-11T10:15:00","date_gmt":"2023-07-11T10:15:00","guid":{"rendered":"https:\/\/www.entrerios.gov.ar\/cultura\/?p=8856"},"modified":"2025-02-20T21:33:03","modified_gmt":"2025-02-20T21:33:03","slug":"vuelve-la-noche-de-las-linternas-en-el-museo-serrano-un-clasico-de-las-vacaciones-en-parana","status":"publish","type":"post","link":"https:\/\/www.entrerios.gov.ar\/cultura\/vuelve-la-noche-de-las-linternas-en-el-museo-serrano-un-clasico-de-las-vacaciones-en-parana\/","title":{"rendered":"Vuelve La Noche de las Linternas en el Museo Serrano, un cl\u00e1sico de las vacaciones en Paran\u00e1"},"content":{"rendered":"\n<p>En el marco del programa de actividades que impulsa la Secretar\u00eda de Cultura para estas vacaciones de invierno, el Museo de Ciencias Naturales y Antropol\u00f3gicas Prof. Antonio Serrano prepara una nueva edici\u00f3n de La Noche de las Linternas. La cita es para los d\u00edas viernes 14 y 21 de julio de 18 a 20:30, con acceso libre y gratuito.<\/p>\n\n\n\n<p>Se trata de una&nbsp; propuesta que ha marcado su impronta en las actividades de vacaciones en la ciudad de Paran\u00e1, reuniendo una gran convocatoria en todas sus ediciones. A trav\u00e9s de un juego se invita a conocer el patrimonio entrerriano y a descubrir nuevos conocimientos de manera divertida y colaborativa: linterna en mano, los visitantes se sumergen en un emocionante recorrido por las distintas salas del Museo a oscuras para resolver las consignas de un cuestionario, siguiendo distintas pistas. Hay quienes eligen realizarlo en familia, parejas, grupos de amigos, y tambi\u00e9n aquellos que se aventuran a realizarlo solos, \u00a1todo vale!<\/p>\n\n\n\n<p>La recomendaci\u00f3n es no olvidar la linterna y tener ganas de divertirse.<\/p>\n\n\n\n<figure class=\"wp-block-image size-large\"><img decoding=\"async\" src=\"https:\/\/www.entrerios.gov.ar\/cultura\/wp-content\/uploads\/2023\/07\/nochelinternas2-1024x683.jpg\" alt=\"\" class=\"wp-image-8857\"\/><\/figure>\n\n\n\n<p>\u201cEsta nueva edici\u00f3n surge del pedido constante y la valoraci\u00f3n que hacen los visitantes sobre la experiencia, inclusive muchos nos cuentan que a trav\u00e9s de La noche de las linternas conocieron&nbsp; el Museo, por lo cual nos compromete a seguir reforzando y ampliando la propuesta\u201d expres\u00f3 la directora del Museo, Gisela Bahler.<\/p>\n\n\n\n<p>La actividad se realizar\u00e1 los viernes 14 y 21 de julio, de 18 a 20:30 hs, en la sede del Museo en calle Carlos Gardel 62 de la ciudad de Paran\u00e1, con acceso&nbsp; libre y gratuito.<\/p>\n\n\n\n<p>El recorrido es libre y el tiempo de duraci\u00f3n es relativo a c\u00f3mo vayan resolvi\u00e9ndose las consignas, estimando alrededor de 45 minutos.<\/p>\n\n\n\n<p><strong><em>El detalle espec\u00edfico de las actividades culturales de todos los organismos para disfrutar en vacaciones de invierno podr\u00e1 consultarse <\/em><\/strong><a href=\"https:\/\/drive.google.com\/file\/d\/1VeDhU82C-ZqPRkSVXaNRHsYLoNkzfUHg\/view\"><strong><em>AQU\u00cd<\/em><\/strong><\/a><\/p>\n\n\n\n<p>Contacto:<\/p>\n\n\n\n<p>Museo de Ciencias Naturales y Antropol\u00f3gicas Profesor Antonio Serrano.<\/p>\n\n\n\n<p>Calle Carlos Gardel 62 &#8211; Paran\u00e1 &#8211; Entre R\u00edos.<\/p>\n\n\n\n<p>Tel: (0343-4208894)<\/p>\n\n\n\n<p>museoserrano@gmail.com<\/p>\n\n\n\n<p>Instagram: @museoserranoer<\/p>\n\n\n\n<p>facebook: MuseoProvincialAntonioSerrano<\/p>\n","protected":false},"excerpt":{"rendered":"<p>En el marco del programa de actividades que impulsa la Secretar\u00eda de Cultura para estas vacaciones de invierno, el Museo de Ciencias Naturales y Antropol\u00f3gicas Prof. Antonio Serrano prepara una nueva edici\u00f3n de La Noche de las Linternas. La cita es para los d\u00edas viernes 14 y 21 de julio de 18 a 20:30, con [&hellip;]<\/p>\n","protected":false},"author":46,"featured_media":0,"comment_status":"open","ping_status":"open","sticky":false,"template":"","format":"standard","meta":{"_et_pb_use_builder":"off","_et_pb_old_content":"","_et_gb_content_width":"","footnotes":""},"categories":[1,28,8],"tags":[],"class_list":["post-8856","post","type-post","status-publish","format-standard","hentry","category-destacado","category-noticias","category-museo-ciencias-naturales"],"_links":{"self":[{"href":"https:\/\/www.entrerios.gov.ar\/cultura\/wp-json\/wp\/v2\/posts\/8856","targetHints":{"allow":["GET"]}}],"collection":[{"href":"https:\/\/www.entrerios.gov.ar\/cultura\/wp-json\/wp\/v2\/posts"}],"about":[{"href":"https:\/\/www.entrerios.gov.ar\/cultura\/wp-json\/wp\/v2\/types\/post"}],"author":[{"embeddable":true,"href":"https:\/\/www.entrerios.gov.ar\/cultura\/wp-json\/wp\/v2\/users\/46"}],"replies":[{"embeddable":true,"href":"https:\/\/www.entrerios.gov.ar\/cultura\/wp-json\/wp\/v2\/comments?post=8856"}],"version-history":[{"count":1,"href":"https:\/\/www.entrerios.gov.ar\/cultura\/wp-json\/wp\/v2\/posts\/8856\/revisions"}],"predecessor-version":[{"id":12748,"href":"https:\/\/www.entrerios.gov.ar\/cultura\/wp-json\/wp\/v2\/posts\/8856\/revisions\/12748"}],"wp:attachment":[{"href":"https:\/\/www.entrerios.gov.ar\/cultura\/wp-json\/wp\/v2\/media?parent=8856"}],"wp:term":[{"taxonomy":"category","embeddable":true,"href":"https:\/\/www.entrerios.gov.ar\/cultura\/wp-json\/wp\/v2\/categories?post=8856"},{"taxonomy":"post_tag","embeddable":true,"href":"https:\/\/www.entrerios.gov.ar\/cultura\/wp-json\/wp\/v2\/tags?post=8856"}],"curies":[{"name":"wp","href":"https:\/\/api.w.org\/{rel}","templated":true}]}}