{"id":9125,"date":"2023-08-19T13:03:17","date_gmt":"2023-08-19T13:03:17","guid":{"rendered":"https:\/\/www.entrerios.gov.ar\/cultura\/?p=9125"},"modified":"2023-08-19T13:03:20","modified_gmt":"2023-08-19T13:03:20","slug":"con-participacion-entrerriana-arranca-la-feria-del-centro-en-rosario","status":"publish","type":"post","link":"https:\/\/www.entrerios.gov.ar\/cultura\/con-participacion-entrerriana-arranca-la-feria-del-centro-en-rosario\/","title":{"rendered":"Con participaci\u00f3n entrerriana arranca la Feria del Centro en Rosario"},"content":{"rendered":"\n<p>Este viernes se desarroll\u00f3 la apertura formal del evento que agrupa a 120 dise\u00f1adores, productores y gestores culturales de las tres provincias. Autoridades provinciales de cultura celebraron la consolidaci\u00f3n de la Feria del Centro como pol\u00edtica de estado cultura interprovincial.<\/p>\n\n\n\n<p>Ayer por la tarde en el Galp\u00f3n 17 se llev\u00f3 a cabo la apertura formal. Estuvieron presentes la vicegobernadora de la provincia de Santa Fe, Alejandra Rodenas; la secretaria de Gesti\u00f3n Federal de la Provincia de Santa Fe, Candelaria Gonz\u00e1lez del Pino; el presidente de la Agencia C\u00f3rdoba Cultura, Ra\u00fal Sansica; la secretaria de Cultura de la Provincia de Entre R\u00edos, Francisca D\u2019Agostino; el ministro de Cultura de Santa Fe, Jorge Llonch; y la ministra de Salud de Santa Fe, Sonia Martorano.&nbsp;<\/p>\n\n\n\n<p>Sansica, por la Agencia C\u00f3rdoba Cultura; agradeci\u00f3 a la vicegobernadora de Santa Fe, y a todo el equipo de la Regi\u00f3n Centro. Luego destac\u00f3: \u201cesta Feria es la uni\u00f3n de tres provincias y tiene un trayecto ya hecho gracias a los tres gobernadores han apostado. Hoy estamos d\u00e1ndole lugar y visibilidad a nuestros artistas, dise\u00f1adores, gestores culturales y a los profesionales del sector. Cuando hablamos de cultura hablamos de identidad, de inclusi\u00f3n social, de diversidad, de territorio, de arte, y tambi\u00e9n hablamos de trabajo. Eso es lo que estamos fortaleciendo desde la Regi\u00f3n Centro\u201d.&nbsp;<\/p>\n\n\n\n<p>Seguidamente, la funcionaria entrerriana Francisca D\u00b4Agostino manifest\u00f3 su alegr\u00eda por celebrar una nueva edici\u00f3n de la Feria. \u201cDespu\u00e9s de siete ediciones esta feria se consolid\u00f3 como una pol\u00edtica de estado de tres provincias. Valoro mucho a estos dise\u00f1adores que cada a\u00f1o nos convidan su trabajo. He visto la evoluci\u00f3n de la feria eso fue gracias a la ayuda del estado\u201d.<\/p>\n\n\n\n<p>Y subray\u00f3 adem\u00e1s: \u201cesta iniciativa ayuda a los dise\u00f1adores y emprendedores no solo con la feria en s\u00ed misma, sino tambi\u00e9n con capacitaciones y con diferentes iniciativas. Desde las \u00e1reas de cultura es nuestra responsabilidad fortalecer al sector porque creemos que estos bienes culturales tambi\u00e9n generan recursos econ\u00f3micos\u201d.<\/p>\n\n\n\n<p>Antes de despedirse la secretar\u00eda de Cultura agradeci\u00f3 especialmente al equipo de producci\u00f3n, log\u00edstica y comunicaci\u00f3n entrerriano que no solo acompa\u00f1\u00f3 al contingente de emprendedores a Rosario, sino que tambi\u00e9n trabaj\u00f3 durante los meses previos con dedicaci\u00f3n, y que est\u00e1 encabezado por el Coordinador de Industrias Culturales An\u00edbal Beorda.<\/p>\n\n\n\n<p>Jorge Llonch, ministro de Cultura de Santa Fe; habl\u00f3 de la potencia de la Regi\u00f3n Centro. El ministro felicit\u00f3 en primer t\u00e9rmino a los emprendedores que fueron elegidos por un jurado para representar a sus provincias. Adem\u00e1s, hizo referencia especial al grupo de trabajo que lo acompa\u00f1\u00f3 y a los representantes de la Regi\u00f3n Centro.&nbsp;<\/p>\n\n\n\n<p>Sobre el final de su discurso record\u00f3 las experiencias de trabajo que se implementaron creativamente para sostener la feria durante la pandemia: \u201cen 2020 armamos una plataforma virtual financiada por el CFI donde todos los dise\u00f1adores exhibieron sus productos, tuvimos muchas visitas y las personas pod\u00edan comprar en l\u00ednea desde la plataforma, haciendo que los emprendimientos lleguen a distintos lugares. Esto es importante, esta feria nunca se detuvo, por eso cada nueva edici\u00f3n es un grito de gol. Felicitaciones a todos\u201d.<\/p>\n\n\n\n<p>Luego de una recorrida por el espacio las autoridades saludaron a las y los dise\u00f1adores.&nbsp;<\/p>\n\n\n\n<p>La jornada finaliz\u00f3 con la presentaci\u00f3n de Girda y los del Alba (Santa Fe) en el Parque Nacional a la Bandera. La banda es una agrupaci\u00f3n de cumbia rosarina que nace en homenaje a Gilda, e incorpora posteriormente composiciones propias.&nbsp;<\/p>\n\n\n\n<figure class=\"wp-block-image size-large\"><img loading=\"lazy\" decoding=\"async\" width=\"1024\" height=\"683\" src=\"https:\/\/www.entrerios.gov.ar\/cultura\/wp-content\/uploads\/2023\/08\/53126653688_6eb776c87a_o-1024x683.jpg\" alt=\"\" class=\"wp-image-9127\" srcset=\"https:\/\/www.entrerios.gov.ar\/cultura\/wp-content\/uploads\/2023\/08\/53126653688_6eb776c87a_o-1024x683.jpg 1024w, https:\/\/www.entrerios.gov.ar\/cultura\/wp-content\/uploads\/2023\/08\/53126653688_6eb776c87a_o-980x653.jpg 980w, https:\/\/www.entrerios.gov.ar\/cultura\/wp-content\/uploads\/2023\/08\/53126653688_6eb776c87a_o-480x320.jpg 480w\" sizes=\"auto, (min-width: 0px) and (max-width: 480px) 480px, (min-width: 481px) and (max-width: 980px) 980px, (min-width: 981px) 1024px, 100vw\" \/><\/figure>\n\n\n\n<p><strong>La Feria<\/strong>&nbsp;<\/p>\n\n\n\n<p>El objetivo de la Feria es facilitar, articular y difundir la actividad cultural creativa producida en la regi\u00f3n fomentando la profesionalizaci\u00f3n, la circulaci\u00f3n y comercializaci\u00f3n de bienes culturales con valor agregado. Participan dise\u00f1adores de indumentaria, accesorios o complementos (entre los que se incluye joyer\u00eda y orfebrer\u00eda) y objetos utilitarios o decorativos, arte impreso y dise\u00f1adores de productos sustentables y biodegradables.<\/p>\n\n\n\n<p>Hasta el lunes, en la ciudad de Rosario, tendr\u00e1 lugar el encuentro. La feria es impulsada por las \u00e1reas de Cultura de las provincias de Entre R\u00edos, C\u00f3rdoba y Santa Fe. Se desarrollar\u00e1 en el Galp\u00f3n 17, Franja del R\u00edo (Av. de los Inmigrantes S\/N, Parque Nacional a la Bandera de la ciudad de Rosario), de 15 a 20 hs con entrada gratuita. Adem\u00e1s de los 120 stand de dise\u00f1o hay una grilla de espect\u00e1culos musicales, Djs, espacio l\u00fadico de infancias y caf\u00e9 boutique.<\/p>\n\n\n\n<figure class=\"wp-block-image size-large\"><img loading=\"lazy\" decoding=\"async\" width=\"1024\" height=\"683\" src=\"https:\/\/www.entrerios.gov.ar\/cultura\/wp-content\/uploads\/2023\/08\/53126564260_b120d4c52b_o-1024x683.jpg\" alt=\"\" class=\"wp-image-9128\" srcset=\"https:\/\/www.entrerios.gov.ar\/cultura\/wp-content\/uploads\/2023\/08\/53126564260_b120d4c52b_o-1024x683.jpg 1024w, https:\/\/www.entrerios.gov.ar\/cultura\/wp-content\/uploads\/2023\/08\/53126564260_b120d4c52b_o-980x653.jpg 980w, https:\/\/www.entrerios.gov.ar\/cultura\/wp-content\/uploads\/2023\/08\/53126564260_b120d4c52b_o-480x320.jpg 480w\" sizes=\"auto, (min-width: 0px) and (max-width: 480px) 480px, (min-width: 481px) and (max-width: 980px) 980px, (min-width: 981px) 1024px, 100vw\" \/><\/figure>\n\n\n\n<p><strong>Cronograma de propuestas especiales<\/strong><\/p>\n\n\n\n<p>El segundo d\u00eda de la Feria el DJ Emilio Delmar se presentar\u00e1 de 16 a 20 h en el Galp\u00f3n 17<\/p>\n\n\n\n<p>A las 19:30 ser\u00e1 el turno de el Show de La Negra Lorena y los que Son Son (C\u00f3rdoba), en el Galp\u00f3n 15<\/p>\n\n\n\n<p>Thiago y los P\u00e1jaros (Santa Fe) en el Galp\u00f3n 15 y el DJ Guardiana de la Bah\u00eda en el Galp\u00f3n 17 ser\u00e1n los espect\u00e1culos musicales del d\u00eda domingo.<\/p>\n\n\n\n<p>Finalmente, el lunes 21 se presentar\u00e1 el DJ Ale Nannini y la banda Nomeleskatime, oriunda de Viale a partir de las 19:30hs en el Galp\u00f3n 15.<\/p>\n\n\n\n<p>Todas las actividades especiales de la feria se realizar\u00e1n con entrada libre y gratuita. El evento cuenta con el apoyo del Consejo Federal de Inversiones (CFI).<\/p>\n\n\n\n<p><strong>Invitaci\u00f3n musical<\/strong>Este lunes 21 a las 19:30hs en el Galp\u00f3n 15 se presentar\u00e1 Nomeleskatime,&nbsp;una banda de rock-ska autogestionada, oriunda de la ciudad de Viale (Entre R\u00edos). En sus comienzos, la banda interpretaba covers de bandas de Ska-reggae pero no pas\u00f3 mucho tiempo para que comenzaran a hacer temas propios. Si bien estas composiciones tienen como base fuerte el ska, la banda incursiona en otros estilos musicales e incorpora a sus canciones otros g\u00e9neros. Entrada libre y gratuita.<\/p>\n","protected":false},"excerpt":{"rendered":"<p>Este viernes se desarroll\u00f3 la apertura formal del evento que agrupa a 120 dise\u00f1adores, productores y gestores culturales de las tres provincias. Autoridades provinciales de cultura celebraron la consolidaci\u00f3n de la Feria del Centro como pol\u00edtica de estado cultura interprovincial. Ayer por la tarde en el Galp\u00f3n 17 se llev\u00f3 a cabo la apertura formal. [&hellip;]<\/p>\n","protected":false},"author":5,"featured_media":9126,"comment_status":"open","ping_status":"open","sticky":false,"template":"","format":"standard","meta":{"_et_pb_use_builder":"off","_et_pb_old_content":"","_et_gb_content_width":"","footnotes":""},"categories":[1,28,78],"tags":[],"class_list":["post-9125","post","type-post","status-publish","format-standard","has-post-thumbnail","hentry","category-destacado","category-noticias","category-area-industrias-culturales"],"_links":{"self":[{"href":"https:\/\/www.entrerios.gov.ar\/cultura\/wp-json\/wp\/v2\/posts\/9125","targetHints":{"allow":["GET"]}}],"collection":[{"href":"https:\/\/www.entrerios.gov.ar\/cultura\/wp-json\/wp\/v2\/posts"}],"about":[{"href":"https:\/\/www.entrerios.gov.ar\/cultura\/wp-json\/wp\/v2\/types\/post"}],"author":[{"embeddable":true,"href":"https:\/\/www.entrerios.gov.ar\/cultura\/wp-json\/wp\/v2\/users\/5"}],"replies":[{"embeddable":true,"href":"https:\/\/www.entrerios.gov.ar\/cultura\/wp-json\/wp\/v2\/comments?post=9125"}],"version-history":[{"count":1,"href":"https:\/\/www.entrerios.gov.ar\/cultura\/wp-json\/wp\/v2\/posts\/9125\/revisions"}],"predecessor-version":[{"id":9129,"href":"https:\/\/www.entrerios.gov.ar\/cultura\/wp-json\/wp\/v2\/posts\/9125\/revisions\/9129"}],"wp:featuredmedia":[{"embeddable":true,"href":"https:\/\/www.entrerios.gov.ar\/cultura\/wp-json\/wp\/v2\/media\/9126"}],"wp:attachment":[{"href":"https:\/\/www.entrerios.gov.ar\/cultura\/wp-json\/wp\/v2\/media?parent=9125"}],"wp:term":[{"taxonomy":"category","embeddable":true,"href":"https:\/\/www.entrerios.gov.ar\/cultura\/wp-json\/wp\/v2\/categories?post=9125"},{"taxonomy":"post_tag","embeddable":true,"href":"https:\/\/www.entrerios.gov.ar\/cultura\/wp-json\/wp\/v2\/tags?post=9125"}],"curies":[{"name":"wp","href":"https:\/\/api.w.org\/{rel}","templated":true}]}}