{"id":9176,"date":"2023-08-27T10:00:00","date_gmt":"2023-08-27T10:00:00","guid":{"rendered":"https:\/\/www.entrerios.gov.ar\/cultura\/?p=9176"},"modified":"2025-02-20T21:55:18","modified_gmt":"2025-02-20T21:55:18","slug":"concluye-el-inventario-y-puesta-en-valor-de-las-colecciones-arqueologicas-del-museo-serrano","status":"publish","type":"post","link":"https:\/\/www.entrerios.gov.ar\/cultura\/concluye-el-inventario-y-puesta-en-valor-de-las-colecciones-arqueologicas-del-museo-serrano\/","title":{"rendered":"Concluye el inventario y puesta en valor de las colecciones arqueol\u00f3gicas del Museo Serrano"},"content":{"rendered":"\n<p>El Museo de Ciencias Naturales y Antropol\u00f3gicas Prof. Antonio Serrano, organismo dependiente de la Secretar\u00eda de Cultura de Entre R\u00edos, se encuentra en la etapa final de un importante trabajo sobre sus colecciones arqueol\u00f3gicas que poseen un gran valor para la investigaci\u00f3n cient\u00edfica.<\/p>\n\n\n\n<p>Durante 12 meses, cient\u00edficos de Conicet y personal especializado trabaj\u00f3 exhaustivamente en la reserva t\u00e9cnica del Museo Serrano realizando un inventario que ha permitido efectuar una organizaci\u00f3n indispensable y urgente de las colecciones arqueol\u00f3gicas, dada las condiciones de almacenamiento y empaque que presentaban. Durante dicho per\u00edodo se cambi\u00f3 el embalaje de toda la colecci\u00f3n, se incorpor\u00f3 material producto de excavaciones hist\u00f3ricas y trabajos de campo\u00a0 sin clasificar, se colocaron los r\u00f3tulos respectivos, y se identificaron los materiales de cada sitio en una base de datos digital, permitiendo reunificar f\u00edsica y digitalmente todas\u00a0 las colecciones del museo que antes estaban dispersas en diferentes cajas y en distintos sectores del dep\u00f3sito.\u00a0 Adem\u00e1s, se confeccion\u00f3 una base fotogr\u00e1fica digital compuesta por m\u00e1s de 300 piezas.<\/p>\n\n\n\n<figure class=\"wp-block-image size-large\"><img decoding=\"async\" src=\"https:\/\/www.entrerios.gov.ar\/cultura\/wp-content\/uploads\/2023\/08\/reserva-tecnica_serrano1-1024x683.jpeg\" alt=\"\" class=\"wp-image-9177\"\/><\/figure>\n\n\n\n<p>\u201cDentro de las colecciones arqueol\u00f3gicas, se identificaron y registraron m\u00e1s de 1100 lotes y m\u00e1s 700 objetos individuales museables, que incluyen piezas de gran valor patrimonial para la provincia de Entre R\u00edos, como son vasijas, artefactos ornamentales, representaciones zoomorfas y diferentes objetos relacionados con la vida cotidiana que nos informan sobre el arte y el modo de vida de los antiguos habitantes de la provincia. Tambi\u00e9n se debe mencionar las acciones realizadas con los restos \u00f3seos humanos. Estos fueron tratados con el respeto que merecen, ejerciendo sobre ellos una acci\u00f3n de curadur\u00eda especial\u201d, expres\u00f3 el Dr. Daniel Loponte, Director del proyecto.<\/p>\n\n\n\n<p>\u201cEl inventario est\u00e1 en su etapa de control final interno, la cual estar\u00e1 concluida para septiembre de este a\u00f1o. Luego, durante el mes de octubre, se efectuar\u00e1 el control de calidad, donde investigadores externos utilizar\u00e1n la base de datos y las colecciones arqueol\u00f3gicas con el fin de evaluar la funcionalidad y exactitud del mismo, efectuando los ajustes del caso si fuera necesario\u201d, agreg\u00f3<\/p>\n\n\n\n<p><strong>Acceso p\u00fablico al conocimiento<\/strong><\/p>\n\n\n\n<p>Los resultados de dicho trabajo tienen profundas implicancias tambi\u00e9n en t\u00e9rminos de democratizaci\u00f3n del acceso al conocimiento, dado que ahora estas colecciones estar\u00e1n disponibles para su consulta a trav\u00e9s de un cat\u00e1logo online, lo cual permitir\u00e1 su aprovechamiento por parte de toda la comunidad cient\u00edfica, educativa y p\u00fablico en general. Dicho material ser\u00e1 de acceso gratuito en la web y se estima que su publicaci\u00f3n se efectuar\u00e1 a finales de este a\u00f1o.<\/p>\n\n\n\n<p>\u201cCon este importante proyecto, el MAS dispone de la informaci\u00f3n sobre el\u00a0 contenido y estado de las colecciones. Quiero destacar la labor y el trabajo conjunto con cient\u00edficos del Conicet, quienes realizan un important\u00edsimo trabajo sobre el patrimonio provincial que resguardamos y que esperamos poder continuar, con otras colecciones de nuestra reserva t\u00e9cnica\u201d, refiri\u00f3 la Directora del Museo, Gisela Bahler.<\/p>\n\n\n\n<p>Cabe destacar que dicho proyecto cont\u00f3 con el financiamiento del Consejo Nacional de Investigaciones Cient\u00edficas y T\u00e9cnicas (CONICET), del Ministerio de Ciencia, Tecnolog\u00eda e Innovaci\u00f3n de La Naci\u00f3n, Fundaci\u00f3n Williams y Fundaci\u00f3n Bunge y Born.<\/p>\n","protected":false},"excerpt":{"rendered":"<p>El Museo de Ciencias Naturales y Antropol\u00f3gicas Prof. Antonio Serrano, organismo dependiente de la Secretar\u00eda de Cultura de Entre R\u00edos, se encuentra en la etapa final de un importante trabajo sobre sus colecciones arqueol\u00f3gicas que poseen un gran valor para la investigaci\u00f3n cient\u00edfica. Durante 12 meses, cient\u00edficos de Conicet y personal especializado trabaj\u00f3 exhaustivamente en [&hellip;]<\/p>\n","protected":false},"author":46,"featured_media":0,"comment_status":"open","ping_status":"open","sticky":false,"template":"","format":"standard","meta":{"_et_pb_use_builder":"off","_et_pb_old_content":"","_et_gb_content_width":"","footnotes":""},"categories":[1,28,8],"tags":[],"class_list":["post-9176","post","type-post","status-publish","format-standard","hentry","category-destacado","category-noticias","category-museo-ciencias-naturales"],"_links":{"self":[{"href":"https:\/\/www.entrerios.gov.ar\/cultura\/wp-json\/wp\/v2\/posts\/9176","targetHints":{"allow":["GET"]}}],"collection":[{"href":"https:\/\/www.entrerios.gov.ar\/cultura\/wp-json\/wp\/v2\/posts"}],"about":[{"href":"https:\/\/www.entrerios.gov.ar\/cultura\/wp-json\/wp\/v2\/types\/post"}],"author":[{"embeddable":true,"href":"https:\/\/www.entrerios.gov.ar\/cultura\/wp-json\/wp\/v2\/users\/46"}],"replies":[{"embeddable":true,"href":"https:\/\/www.entrerios.gov.ar\/cultura\/wp-json\/wp\/v2\/comments?post=9176"}],"version-history":[{"count":1,"href":"https:\/\/www.entrerios.gov.ar\/cultura\/wp-json\/wp\/v2\/posts\/9176\/revisions"}],"predecessor-version":[{"id":12610,"href":"https:\/\/www.entrerios.gov.ar\/cultura\/wp-json\/wp\/v2\/posts\/9176\/revisions\/12610"}],"wp:attachment":[{"href":"https:\/\/www.entrerios.gov.ar\/cultura\/wp-json\/wp\/v2\/media?parent=9176"}],"wp:term":[{"taxonomy":"category","embeddable":true,"href":"https:\/\/www.entrerios.gov.ar\/cultura\/wp-json\/wp\/v2\/categories?post=9176"},{"taxonomy":"post_tag","embeddable":true,"href":"https:\/\/www.entrerios.gov.ar\/cultura\/wp-json\/wp\/v2\/tags?post=9176"}],"curies":[{"name":"wp","href":"https:\/\/api.w.org\/{rel}","templated":true}]}}