{"id":9374,"date":"2023-09-15T16:42:14","date_gmt":"2023-09-15T16:42:14","guid":{"rendered":"https:\/\/www.entrerios.gov.ar\/cultura\/?p=9374"},"modified":"2023-09-15T16:42:16","modified_gmt":"2023-09-15T16:42:16","slug":"el-salon-y-premio-a-la-pieza-unica-artesanal-se-consolida-como-politica-cultural","status":"publish","type":"post","link":"https:\/\/www.entrerios.gov.ar\/cultura\/el-salon-y-premio-a-la-pieza-unica-artesanal-se-consolida-como-politica-cultural\/","title":{"rendered":"El Sal\u00f3n y Premio a la Pieza \u00danica Artesanal se consolida como pol\u00edtica cultural\u00a0"},"content":{"rendered":"\n<p>En la sede del Museo y Mercado Provincial de Artesan\u00edas \u201cCarlos Asia\u00edn\u201d la comunidad artesana de la provincia celebr\u00f3 un nuevo Sal\u00f3n Provincial y acompa\u00f1\u00f3 a los ganadores del Concurso a la Pieza \u00danica.&nbsp;<\/p>\n\n\n\n<p>En la noche del jueves, y encabezado por Francisca D\u00b4Agostino secretaria de Cultura de la Provincia y R\u00f3mulo Vidal, director del Museo y Mercado Provincial de Artesan\u00edas, se hizo la apertura formal del Sal\u00f3n que estar\u00e1 disponible para visitas hasta el d\u00eda 15 de octubre en los horarios habituales del Museo.<\/p>\n\n\n\n<p>El concurso convoc\u00f3 a artesanas y artesanos de toda la provincia y reuni\u00f3 72 piezas artesanales presentadas en diferentes materiales y t\u00e9cnicas. El Jurado -integrado por Magdalena &#8220;Lula&#8221; Trejo (artesana textil de Villaguay), Alejandra Franco (ceramista de Concordia) y Paolla Palleiro (del \u00c1rea de Patrimonio de la Secretar\u00eda de Cultura de Entre R\u00edos)- estuvo presente junto a las autoridades para entregar las menciones y premios de la edici\u00f3n 2023. El concurso incentiva la producci\u00f3n y calidad artesanal entrerriana, poniendo en valor los oficios y t\u00e9cnicas de creadores y creadoras. Este a\u00f1o se presentaron 59 artesanas y artesanos de diferentes localidades de la provincia.<\/p>\n\n\n\n<p><strong>Crecimiento y consolidaci\u00f3n de un premio que pone en valor la identidad<\/strong><\/p>\n\n\n\n<p>Al comenzar el acto Vidal destac\u00f3 la singularidad de esta edici\u00f3n del premio por concluir la gesti\u00f3n al frente del organismo: \u201cEsta es una noche especial, porque estamos culminando una etapa, la segunda gesti\u00f3n del Gobernador Gustavo Bordet que tanto ha hecho por la cultura entrerriana de la mano del trabajo de nuestra secretaria de Cultura Francisca D\u00b4Agostino a qui\u00e9n sin duda todo el artesanado entrerriano tiene mucho para agradecer\u201d.<\/p>\n\n\n\n<p>A su turno, D\u00b4Agostino record\u00f3 a todos los presentes c\u00f3mo fue el trabajo que desemboc\u00f3 en la creaci\u00f3n de una ley provincial que contempla la realizaci\u00f3n del Concurso y del Sal\u00f3n Provincial. \u201cNo exist\u00eda un premio provincial a una de las disciplinas con m\u00e1s prestigio de Entre R\u00edos. Pudimos lograr juntos grandes cosas: reglamentar la Ley de Artesan\u00edas, la que nos posibilit\u00f3 hacer el registro de artesanos. Despu\u00e9s nos estaba faltando el paso del premio, y lo logramos, lo instauramos, lo fuimos mejorando\u201d.&nbsp;<\/p>\n\n\n\n<p>\u201cAhora es responsabilidad de ustedes como comunidad cuidarlo y defenderlo, y hacer que contin\u00fae y que cada vez est\u00e9 m\u00e1s valorizado\u201d dijo la funcionaria interpelando a las y los artesanos que se encontraban presentes.<\/p>\n\n\n\n<p>Para finalizar dijo: \u201cSomos parte de una gesti\u00f3n que cree en un Estado presente y que sabe que como Estado somos responsables de apoyar los procesos productivos y simb\u00f3licos que tienen las artesan\u00edas que generan y construyen la identidad\u201d.<\/p>\n\n\n\n<p>A continuaci\u00f3n fue entregado un reconocimiento especial a la trayectoria del gran maestro artesano cestero Ram\u00f3n H\u00e9ctor Godoy de Nogoy\u00e1 por representar la extensa sabidur\u00eda en la transformaci\u00f3n de los materiales y las t\u00e9cnicas, pero tambi\u00e9n quien ha distribuido el conocimiento de la cester\u00eda a lo largo de todo el pa\u00eds.<\/p>\n\n\n\n<p>En otro momento Alejandra Franco tom\u00f3 la palabra en representaci\u00f3n del cuerpo de Juradas. \u201cEs un orgullo esta tarea, sobre todo por la gente viene llegando. Yo creo que es el momento de delegar espacios\u201d dijo en relaci\u00f3n a las nuevas camadas de artesanos y artesanas.&nbsp;<\/p>\n\n\n\n<p>\u201cLa artesan\u00eda se elige y viene a representar un espacio. En este caso, la artesan\u00eda entrerriana pinta lo que somos y eso es lo que tratamos de elegir cuando seleccionamos un premio\u201d agreg\u00f3.&nbsp;<\/p>\n\n\n\n<p>\u201cEl apoyo del Estado en estas actividades es muy importante, tengan en cuenta eso en las elecciones pr\u00f3ximas\u201d finaliz\u00f3.<\/p>\n\n\n\n<p>Tras recibir la mayor distinci\u00f3n del concurso, el artesano Brian Acevedo cont\u00f3: \u201cHace doce a\u00f1os que estoy en este rubro. En mi personalidad el cuchillo fue una pieza que siempre me sedujo. Un d\u00eda empec\u00e9 poniendo un cabo y luego lo mostr\u00e9. As\u00ed fui consiguiendo mis herramientas\u201d.<\/p>\n\n\n\n<figure class=\"wp-block-image size-large\"><img loading=\"lazy\" decoding=\"async\" width=\"1024\" height=\"683\" src=\"https:\/\/www.entrerios.gov.ar\/cultura\/wp-content\/uploads\/2023\/09\/Salon-Artesanias-2023-1-1024x683.jpg\" alt=\"\" class=\"wp-image-9375\" srcset=\"https:\/\/www.entrerios.gov.ar\/cultura\/wp-content\/uploads\/2023\/09\/Salon-Artesanias-2023-1-980x653.jpg 980w, https:\/\/www.entrerios.gov.ar\/cultura\/wp-content\/uploads\/2023\/09\/Salon-Artesanias-2023-1-480x320.jpg 480w\" sizes=\"auto, (min-width: 0px) and (max-width: 480px) 480px, (min-width: 481px) and (max-width: 980px) 980px, (min-width: 981px) 1024px, 100vw\" \/><\/figure>\n\n\n\n<p>Tambi\u00e9n dijo sobre el premio: \u201cSaber que un pedazo m\u00edo fue reconocido es una mezcla de sentimientos, es muy emocionante. Para m\u00ed, m\u00e1s que un premio esto es un impulso y fuerza. \u00c9stas cosas son las que te ayudan a impulsarte y seguir creando\u201d.&nbsp;<\/p>\n\n\n\n<p><strong>Premiados y Menciones&nbsp;<\/strong><\/p>\n\n\n\n<p>-1er. Premio \u201cEl tiempo en florecer\u201d (Cuchillo forjado en acero damasco con cabo y vaina en madera) del artesano de San Jos\u00e9, Brian Acevedo. Quien adem\u00e1s recibi\u00f3 la distinci\u00f3n al Artesano Joven.&nbsp;<\/p>\n\n\n\n<p>-2do. Premio \u201cHumedales\u201d (Conjunto de tabla y utilitarios en madera y resina) del artesano de Concordia, Javier Caputo.<\/p>\n\n\n\n<p>\u20133er. Premio \u201cNido\u201d (conjunto de seis cuencos en gres con arena esmaltados para uso gastron\u00f3mico), de la artesana de Paran\u00e1, Natalia Fern\u00e1ndez.<\/p>\n\n\n\n<p>Menci\u00f3n al rubro Metal\u2013Plater\u00eda Contempor\u00e1nea: Federico G\u00f3mez Pedreira de Col\u00f3n.<\/p>\n\n\n\n<p>Menci\u00f3n al rubro Cuero Crudo: Gustavo Mu\u00f1oz de Gualeguay, Arnoldo Blanche de Santa Elena, y&nbsp; Leandro Caballero de Gualeguay.<\/p>\n\n\n\n<p>Menci\u00f3n al rubro Fusi\u00f3n De Materiales Asta y&nbsp; Metal: Artesano Emilio Rodr\u00edguez de Paran\u00e1.<\/p>\n\n\n\n<p>Menci\u00f3n al rubro Madera: Domingo Mistrorigo Benintende de Paran\u00e1.<\/p>\n\n\n\n<p>Menci\u00f3n al rubro Ca\u00f1as: Evangelina Canavelli de Paran\u00e1.<\/p>\n\n\n\n<p>Menci\u00f3n al rubro Cester\u00eda: Itat\u00ed Romero de El Cimarr\u00f3n-Federal.<\/p>\n\n\n\n<p>Menci\u00f3n al rubro Metal \u2013 Plater\u00eda: Vanesa Ponce de Col\u00f3n.<\/p>\n\n\n\n<p>Menci\u00f3n al rubro Cer\u00e1mica: Adriana Lara Beltzer de Paran\u00e1<\/p>\n\n\n\n<p>Menci\u00f3n al rubro Textil -Crochet: Olga Wilvers de Villaguay.<\/p>\n\n\n\n<p>Menci\u00f3n al rubro Textil-Telar: Alejandra Asensio de Paran\u00e1.<\/p>\n\n\n\n<p>Menci\u00f3n al rubro Textil-Indumentaria: Liliana Lell de Colonia Avellaneda.<\/p>\n\n\n\n<p><strong>Tareas colectivas y nuevos proyectos<\/strong><\/p>\n\n\n\n<p>Mari Troncoso, Monica Retamar, Daniel Ber\u00f3n, Silvina Abrego y Luis Miguel Bodnard son las y los trabajadores del Museo y Mercado Provincial de Artesan\u00edas \u201cCarlos Asia\u00edn\u201d quienes a\u00f1o tras a\u00f1o brindan todo su trabajo en la realizaci\u00f3n de tareas de distinta \u00edndole que demanda el organismo y en especial el concurso y el premio. Su director les agradeci\u00f3 p\u00fablicamente y los felicit\u00f3. Hizo lo mismo al mencionar a la gestora cultural, montajista y colaboradora del organismo Marcela Di Luzio.&nbsp;<\/p>\n\n\n\n<p>Casi al finalizar se anunci\u00f3 la creaci\u00f3n de un cat\u00e1logo digital con todas las piezas del patrimonio del Museo. Se trata de un registro y catalogaci\u00f3n de m\u00e1s de 200 piezas con su respectiva ficha t\u00e9cnica. La plataforma es in\u00e9dita;&nbsp; representa una materia pendiente y necesaria que despu\u00e9s de muchas gestiones pudo materializarse. La concreci\u00f3n de este proyecto significa un gran avance y ordenamiento patrimonial.&nbsp; El trabajo estuvo a cargo de Marcela Di Luzio y Pablo Churruar\u00edn; y cont\u00f3 con el apoyo del Consejo Federal de Inversiones (CFI).&nbsp;<\/p>\n\n\n\n<p><strong>Presencias y acompa\u00f1amiento institucional<\/strong><\/p>\n\n\n\n<p>En la actividad estuvieron presentes Luis Precerutti, secretario de Econom\u00eda Social del Ministerio de Desarrollo Social; Marisa Folonier, viceintendenta de la ciudad de San Jos\u00e9; Elsa Zufiaurre, coordinadora de Juntas de Federal; Mat\u00edas Daneri, responsable del Programa Manos Entrerrianas; Juli\u00e1n Stopello, director de la editorial de la Municipalidad de Paran\u00e1; y Rodolfo Romero, presidente de la Asociaci\u00f3n de Amigos del Museo&nbsp; y Mercado Provincial de Artesan\u00edas. Otras autoridades hicieron llegar su acompa\u00f1amiento a trav\u00e9s de salutaciones: la vicegobernadora Laura Stratta; la ministra de Desarrollo Social Marisa Paira y el intendente de Paran\u00e1, Ad\u00e1n Bahl.<\/p>\n\n\n\n<figure class=\"wp-block-image size-large\"><img loading=\"lazy\" decoding=\"async\" width=\"1024\" height=\"684\" src=\"https:\/\/www.entrerios.gov.ar\/cultura\/wp-content\/uploads\/2023\/09\/Salon-Artesanias-2023-1-1024x684.jpeg\" alt=\"\" class=\"wp-image-9376\" srcset=\"https:\/\/www.entrerios.gov.ar\/cultura\/wp-content\/uploads\/2023\/09\/Salon-Artesanias-2023-1-980x654.jpeg 980w, https:\/\/www.entrerios.gov.ar\/cultura\/wp-content\/uploads\/2023\/09\/Salon-Artesanias-2023-1-480x320.jpeg 480w\" sizes=\"auto, (min-width: 0px) and (max-width: 480px) 480px, (min-width: 481px) and (max-width: 980px) 980px, (min-width: 981px) 1024px, 100vw\" \/><\/figure>\n\n\n\n<p><strong>Informaci\u00f3n del Museo y Mercado Provincial de Artesan\u00edas de Entre R\u00edos<\/strong><\/p>\n\n\n\n<p>Direcci\u00f3n: Urquiza 1239 \u2013 Paran\u00e1<\/p>\n\n\n\n<p>Tel\u00e9fono: 0343-4208891<\/p>\n\n\n\n<p>Correo electr\u00f3nico:&nbsp;<a href=\"mailto:museoymercadodeartesanias.er@gmail.com\" target=\"_blank\" rel=\"noreferrer noopener\">museoymercadodeartesanias.er@gmail.com<\/a><\/p>\n","protected":false},"excerpt":{"rendered":"<p>En la sede del Museo y Mercado Provincial de Artesan\u00edas \u201cCarlos Asia\u00edn\u201d la comunidad artesana de la provincia celebr\u00f3 un nuevo Sal\u00f3n Provincial y acompa\u00f1\u00f3 a los ganadores del Concurso a la Pieza \u00danica.&nbsp; En la noche del jueves, y encabezado por Francisca D\u00b4Agostino secretaria de Cultura de la Provincia y R\u00f3mulo Vidal, director del [&hellip;]<\/p>\n","protected":false},"author":5,"featured_media":9377,"comment_status":"open","ping_status":"open","sticky":false,"template":"","format":"standard","meta":{"_et_pb_use_builder":"off","_et_pb_old_content":"","_et_gb_content_width":"","footnotes":""},"categories":[1,28,16],"tags":[],"class_list":["post-9374","post","type-post","status-publish","format-standard","has-post-thumbnail","hentry","category-destacado","category-noticias","category-museo-y-mercado-de-artesanias"],"_links":{"self":[{"href":"https:\/\/www.entrerios.gov.ar\/cultura\/wp-json\/wp\/v2\/posts\/9374","targetHints":{"allow":["GET"]}}],"collection":[{"href":"https:\/\/www.entrerios.gov.ar\/cultura\/wp-json\/wp\/v2\/posts"}],"about":[{"href":"https:\/\/www.entrerios.gov.ar\/cultura\/wp-json\/wp\/v2\/types\/post"}],"author":[{"embeddable":true,"href":"https:\/\/www.entrerios.gov.ar\/cultura\/wp-json\/wp\/v2\/users\/5"}],"replies":[{"embeddable":true,"href":"https:\/\/www.entrerios.gov.ar\/cultura\/wp-json\/wp\/v2\/comments?post=9374"}],"version-history":[{"count":1,"href":"https:\/\/www.entrerios.gov.ar\/cultura\/wp-json\/wp\/v2\/posts\/9374\/revisions"}],"predecessor-version":[{"id":9378,"href":"https:\/\/www.entrerios.gov.ar\/cultura\/wp-json\/wp\/v2\/posts\/9374\/revisions\/9378"}],"wp:featuredmedia":[{"embeddable":true,"href":"https:\/\/www.entrerios.gov.ar\/cultura\/wp-json\/wp\/v2\/media\/9377"}],"wp:attachment":[{"href":"https:\/\/www.entrerios.gov.ar\/cultura\/wp-json\/wp\/v2\/media?parent=9374"}],"wp:term":[{"taxonomy":"category","embeddable":true,"href":"https:\/\/www.entrerios.gov.ar\/cultura\/wp-json\/wp\/v2\/categories?post=9374"},{"taxonomy":"post_tag","embeddable":true,"href":"https:\/\/www.entrerios.gov.ar\/cultura\/wp-json\/wp\/v2\/tags?post=9374"}],"curies":[{"name":"wp","href":"https:\/\/api.w.org\/{rel}","templated":true}]}}