{"id":9433,"date":"2023-09-25T13:02:50","date_gmt":"2023-09-25T13:02:50","guid":{"rendered":"https:\/\/www.entrerios.gov.ar\/cultura\/?p=9433"},"modified":"2023-09-25T13:22:19","modified_gmt":"2023-09-25T13:22:19","slug":"el-consejo-provincial-de-teatro-independiente-contier-abre-concurso-de-antecedentes-y-oposicion-para-la-eleccion-de-jurados","status":"publish","type":"post","link":"https:\/\/www.entrerios.gov.ar\/cultura\/el-consejo-provincial-de-teatro-independiente-contier-abre-concurso-de-antecedentes-y-oposicion-para-la-eleccion-de-jurados\/","title":{"rendered":"El Consejo Provincial de Teatro Independiente (ConTier) abre concurso de antecedentes y oposici\u00f3n para la elecci\u00f3n de jurados\u00a0"},"content":{"rendered":"\n<p>Desde el ConTier informaron que desde el lunes 25 de septiembre y hasta el 5 de octubre se encuentra abierta la posibilidad de postularse para ser jurado de la primer convocatoria del Consejo.<\/p>\n\n\n\n<p>La convocatoria est\u00e1 dirigida a trabajadores\/as de las artes esc\u00e9nicas de diferentes disciplinas (t\u00edteres, teatro-danza, mimo, circo, etc), gestores culturales, periodistas especializados, cr\u00edticos, investigadores teatrales, historiadores del arte, etc. que cumplan con los requisitos solicitados: estar registrados en el Padr\u00f3n de trabajadores\/as de teatro independiente de Entre R\u00edos; tener domicilio en la provincia de Entre R\u00edos y residencia efectiva (comprobable) en la misma no menor a dos a\u00f1os; poseer competencias t\u00e9cnicas e idoneidad para evaluar proyectos; aceptar las pol\u00edticas de gesti\u00f3n determinadas por el Consejo Provincial de Teatro Independiente de Entre R\u00edos; y contar con disponibilidad horaria para realizar la tarea en tiempo y forma.<\/p>\n\n\n\n<p><strong>Email de contacto para solicitar m\u00e1s informaci\u00f3n:&nbsp;<\/strong><a href=\"mailto:consejoprovincialdeteatroer@gmail.com\" target=\"_blank\" rel=\"noreferrer noopener\"><strong>consejoprovincialdeteatroer@gmail.com<\/strong><\/a><strong>&nbsp;ASUNTO: JURADO<\/strong><\/p>\n\n\n\n<p>El Consejo Provincial del Teatro Independiente es un \u00f3rgano aut\u00e1rquico, encargado de velar por la protecci\u00f3n, promoci\u00f3n y apoyo de la actividad teatral independiente en la Provincia de Entre R\u00edos.<\/p>\n\n\n\n<p>Creado a partir de la Ley&nbsp; 10.931 (Ley Tier)&nbsp; es la m\u00e1xima autoridad&nbsp; de direcci\u00f3n&nbsp; y est\u00e1 integrado por seis miembros de diferentes regiones de la provincia.<\/p>\n\n\n\n<p>Los representantes por cada una de las regiones fueron elegidos\/as por el voto directo de la comunidad regional que representan. Integra el Consejo tambi\u00e9n un representante de la Secretar\u00eda de Cultura de Entre R\u00edos designado por decreto del Poder Ejecutivo Provincial quien ejerce la funci\u00f3n de Director Ejecutivo oficiando de nexo entre el Consejo Provincial de Teatro Independiente y el Estado Provincial.&nbsp;<\/p>\n\n\n\n<p>La Ley -sancionada en octubre de 2021- declara de inter\u00e9s p\u00fablico y esencial para el desarrollo de la cultura de la Provincia a la actividad teatral independiente en todo el territorio. El proyecto, impulsado por el Colectivo Teatristas Autoconvocades, establece la creaci\u00f3n del Consejo para el cual se destinan fondos con el objetivo de preservar y financiar la actividad teatral con convocatorias, concursos y l\u00edneas de financiamiento. Para ellos se conformar\u00e1 un cuerpo de jurados que tendr\u00e1 a su cargo la selecci\u00f3n de proyectos que se presenten en la primer convocatoria del ConTier 2023 que ser\u00e1 de fomento de la actividad teatral en la provincia.<\/p>\n\n\n\n<p>Actualmente el ConTier est\u00e1 integrado por cinco representantes elegidos por el voto directo de los miembros de la comunidad regional: Carina Resnisky Representante Regi\u00f3n 1, Juan Gibert Representante Regi\u00f3n 2, Nadia Grandon, Representante Regi\u00f3n 3; Marcos Retamozo, Representante Regi\u00f3n 4; y Valeria Bassini, Representante Regi\u00f3n 5; y la directora ejecutiva elegida por la Secretaria de Cultura, Mar\u00eda Cristina Witschi. <\/p>\n\n\n\n<p><strong>Para descargar las normas:&nbsp;<\/strong><\/p>\n\n\n\n<p>Ley n\u00b0 10.931, Ley Provincial de Teatro Independiente (TIER):&nbsp;<a href=\"https:\/\/bit.ly\/leytier10931\" target=\"_blank\" rel=\"noreferrer noopener\">https:\/\/bit.ly\/leytier10931<\/a>Decreto n\u00b0 1741\/22:&nbsp;<a href=\"https:\/\/bit.ly\/reglamleytier\" target=\"_blank\" rel=\"noreferrer noopener\">https:\/\/bit.ly\/reglamleytier<\/a><\/p>\n\n\n\n<p><strong>Email de contacto para solicitar m\u00e1s informaci\u00f3n:&nbsp;<\/strong><a href=\"mailto:consejoprovincialdeteatroer@gmail.com\" target=\"_blank\" rel=\"noreferrer noopener\"><strong>consejoprovincialdeteatroer@gmail.com<\/strong><\/a><strong>&nbsp;ASUNTO: JURADO<\/strong><\/p>\n\n\n\n<p>Redes sociales: @con_tier (Instagram)<\/p>\n\n\n\n<p>Consejo Provincial de teatro de Entre R\u00edos (Facebook)<\/p>\n","protected":false},"excerpt":{"rendered":"<p>Desde el ConTier informaron que desde el lunes 25 de septiembre y hasta el 5 de octubre se encuentra abierta la posibilidad de postularse para ser jurado de la primer convocatoria del Consejo. La convocatoria est\u00e1 dirigida a trabajadores\/as de las artes esc\u00e9nicas de diferentes disciplinas (t\u00edteres, teatro-danza, mimo, circo, etc), gestores culturales, periodistas especializados, [&hellip;]<\/p>\n","protected":false},"author":5,"featured_media":9434,"comment_status":"open","ping_status":"open","sticky":false,"template":"","format":"standard","meta":{"_et_pb_use_builder":"off","_et_pb_old_content":"","_et_gb_content_width":"","footnotes":""},"categories":[1,28,132],"tags":[],"class_list":["post-9433","post","type-post","status-publish","format-standard","has-post-thumbnail","hentry","category-destacado","category-noticias","category-consejo-provincial-de-teatro"],"_links":{"self":[{"href":"https:\/\/www.entrerios.gov.ar\/cultura\/wp-json\/wp\/v2\/posts\/9433","targetHints":{"allow":["GET"]}}],"collection":[{"href":"https:\/\/www.entrerios.gov.ar\/cultura\/wp-json\/wp\/v2\/posts"}],"about":[{"href":"https:\/\/www.entrerios.gov.ar\/cultura\/wp-json\/wp\/v2\/types\/post"}],"author":[{"embeddable":true,"href":"https:\/\/www.entrerios.gov.ar\/cultura\/wp-json\/wp\/v2\/users\/5"}],"replies":[{"embeddable":true,"href":"https:\/\/www.entrerios.gov.ar\/cultura\/wp-json\/wp\/v2\/comments?post=9433"}],"version-history":[{"count":2,"href":"https:\/\/www.entrerios.gov.ar\/cultura\/wp-json\/wp\/v2\/posts\/9433\/revisions"}],"predecessor-version":[{"id":9437,"href":"https:\/\/www.entrerios.gov.ar\/cultura\/wp-json\/wp\/v2\/posts\/9433\/revisions\/9437"}],"wp:featuredmedia":[{"embeddable":true,"href":"https:\/\/www.entrerios.gov.ar\/cultura\/wp-json\/wp\/v2\/media\/9434"}],"wp:attachment":[{"href":"https:\/\/www.entrerios.gov.ar\/cultura\/wp-json\/wp\/v2\/media?parent=9433"}],"wp:term":[{"taxonomy":"category","embeddable":true,"href":"https:\/\/www.entrerios.gov.ar\/cultura\/wp-json\/wp\/v2\/categories?post=9433"},{"taxonomy":"post_tag","embeddable":true,"href":"https:\/\/www.entrerios.gov.ar\/cultura\/wp-json\/wp\/v2\/tags?post=9433"}],"curies":[{"name":"wp","href":"https:\/\/api.w.org\/{rel}","templated":true}]}}