{"id":9550,"date":"2023-10-07T11:11:39","date_gmt":"2023-10-07T11:11:39","guid":{"rendered":"https:\/\/www.entrerios.gov.ar\/cultura\/?p=9550"},"modified":"2023-10-07T11:11:42","modified_gmt":"2023-10-07T11:11:42","slug":"las-tutorias-de-diseno-concluyeron-sus-capacitaciones-gratuitas-con-alcance-federal","status":"publish","type":"post","link":"https:\/\/www.entrerios.gov.ar\/cultura\/las-tutorias-de-diseno-concluyeron-sus-capacitaciones-gratuitas-con-alcance-federal\/","title":{"rendered":"Las Tutor\u00edas de Dise\u00f1o concluyeron sus capacitaciones gratuitas con alcance federal"},"content":{"rendered":"\n<p>La iniciativa fue impulsada por la\u00a0 Secretar\u00eda de Cultura de Entre R\u00edos y en co-gesti\u00f3n con el Consejo Federal de Inversiones (CFI) y el apoyo de las \u00e1reas de cultura de Gualeguaych\u00fa y Concordia. Se capacitaron 90 proyectos en Paran\u00e1, Concordia y Gualeguaych\u00fa.\u00a0<\/p>\n\n\n\n<p>El Programa Tutor\u00edas de Dise\u00f1o fue una serie de capacitaciones especializadas para el&nbsp; seguimiento de proyectos del sector dise\u00f1o vinculados a la indumentaria y accesorios; objetos y movilidad; dise\u00f1o gr\u00e1fico e ilustraci\u00f3n; y los servicios. El Programa tuvo el objetivo de generar bases profesionales para optimizar el posicionamiento del sector, trabajando desde la creaci\u00f3n, la identidad y la sostenibilidad sobre propuestas originales, a trav\u00e9s de tutor\u00edas con seguimiento personalizado de los casos durante las mentor\u00edas.<\/p>\n\n\n\n<p>Las Tutor\u00edas hicieron foco en la b\u00fasqueda de la identidad local en cada uno de los proyectos; en dar a conocer y vincular la producci\u00f3n genuina del dise\u00f1o entrerriano en el marco de las industrias creativas regionales y nacionales; y fortalecer la trama creativa de producci\u00f3n y oficios locales.<\/p>\n\n\n\n<p>Esta tercera edici\u00f3n del Programa permiti\u00f3 que numerosos dise\u00f1adores logren un mejor desarrollo, accediendo a nuevas herramientas profesionales y digitales, y tambi\u00e9n fortalecer la comunicaci\u00f3n sobre sus productos. Una cuesti\u00f3n destacada de este a\u00f1o fue la incorporaci\u00f3n de nuevas localidades, sumando m\u00e1s dise\u00f1adores entrerrianos y convirtiendo el Programa en una iniciativa federal.<\/p>\n\n\n\n<p>Durante cuatro meses distintos docentes brindaron asesoramiento presencial y virtual a las y los referentes de cada emprendimiento.&nbsp;<\/p>\n\n\n\n<figure class=\"wp-block-image size-large\"><img loading=\"lazy\" decoding=\"async\" width=\"1024\" height=\"683\" src=\"https:\/\/www.entrerios.gov.ar\/cultura\/wp-content\/uploads\/2023\/10\/Tutorias-3-1024x683.jpg\" alt=\"\" class=\"wp-image-9551\" srcset=\"https:\/\/www.entrerios.gov.ar\/cultura\/wp-content\/uploads\/2023\/10\/Tutorias-3-980x653.jpg 980w, https:\/\/www.entrerios.gov.ar\/cultura\/wp-content\/uploads\/2023\/10\/Tutorias-3-480x320.jpg 480w\" sizes=\"auto, (min-width: 0px) and (max-width: 480px) 480px, (min-width: 481px) and (max-width: 980px) 980px, (min-width: 981px) 1024px, 100vw\" \/><\/figure>\n\n\n\n<p>Entre proyectos seleccionados y suplentes pasaron por las Tutor\u00edas en Paran\u00e1: Amelie accesorios; Maurina; RA dise\u00f1os; Ayelen Bess; Las Malas; Alfonsina; Gabita Borda; Lupel\u00fa; Fugitiva; Valtablack.; LA Rosa Artesan\u00edas; Rinc\u00f3n Pay\u00e9; Caps; Creaciones Hayde\u00e9 Mar\u00eda; Las Tres Mar\u00edas; MALAZA\u00ae\ufe0f; Damari\u00fa; Abacaxi; KECRISTAL; MEI; Manualidades Do\u00f1a; SR Carteras; YVY; Secretos de la Tierra; Chyno; Abisal; Adornarte; Suma Emperatriz; Lorenza txtl; Analia Fort artesana textil; L&#8217;Marg\u00f3; Leo Charras Dise\u00f1o; Leon Deco; Clix 3D; Gaia deco y accesorios; La Coquetterie; Narciso; Marca Alternativa; Maldito Muggle; Gabriela Bolzan; Luxor Lencer\u00eda; Sanarte Cueros; y Girasol.&nbsp;<\/p>\n\n\n\n<p>En Concordia: Yvyr\u00e1; Lettice Lencer\u00eda; Impronta; Mar.Mar tejidos; EV CER\u00c1MICA; Irupe; Costumbres Argentinas; Donata hecho a mano; Lily pintura y restauraci\u00f3n; Tama lingerie desing; Tocados Agostina Ayala; Serendipity Concordia; Paseo de las tinajas; Night club; La Dama Pintada; Manola; Quitapenas en Papel; Jacqueline Larre; Jaz Crochet; Cer-Arte de Uriel Franco; ACJ Iluminaria; Luz de Luna. Tienda de L\u00e1mparas; Tecza_by_ely; Ruth.elizabethok; Catalina dise\u00f1os; Ecopanda; Sacha Objetos; Hecho con amor by CP; Osad\u00eda; Julianrebot; M\u00f3nica Cott; Imprenta Alem; T.A.I.A indumentaria Pandala; Panambi Textiles; MAKNAMARA; Mechas elementos; Imaginarte; IndiProyect<\/p>\n\n\n\n<p>Y, finalmente en Gualeguaych\u00fa: Coraz\u00f3n de tela Deco; Paz Ayuso; Azahares; Del carajo; Mla.creaciones; Lucca; De Esp\u00edritu Bohemio; MPR; Imperfect; Loneliness; Creaciones Ana; \u00catre Lingerie; ADM Confecciones; ENTRE HILACHAS; By Kary Bags, BYKA; Stickerlandia.gchu; Ga; Tecza_by_ely; MarisaMabelRegalis; Alma Creativa; V.M.velas; Bruma.tintesnaturales; Carola Cer\u00e1micas; Panamb\u00ed Encuadernaci\u00f3n Artesanal; AQU\u00cd PRANA; HollyMolly; Sol Negro; Invicta Atelier; Brenda Rein confecciones; Innova Deco home; Taller Colazo; Cooperativa de trabajo textil El Nuevo Comienzo; y Dibujando con amor.&nbsp;<\/p>\n\n\n\n<p>Los capacitadores que brindaron las mentor\u00edas fueron Moriana Abraham, Germ\u00e1n Lang, Carolina Menso, y Gast\u00f3n \u00c1balos. Fueron acompa\u00f1ados por las talleristas Miranda Mayer, Julia Deharbe, y Victoria Alonso.&nbsp; Mayer tambi\u00e9n tuvo el rol de asistente. La mitad del cuerpo docente es entrerriano, ya que uno de los objetivos propuestos desde Secretar\u00eda de Cultura es formar un equipo para capacitar en el sector espec\u00edfico de las Industrias Culturales.<\/p>\n\n\n\n<p>Durante el desarrollo de las tutor\u00edas se abord\u00f3 una introducci\u00f3n a la problem\u00e1tica actual del dise\u00f1o local y global; los impactos del consumo \u00e9tico sobre el desarrollo local; la descentralizaci\u00f3n de los sistemas productivos; la construcci\u00f3n de identidad gr\u00e1fica; el dise\u00f1o estrat\u00e9gico de una marca; y c\u00f3mo trabajar en contextos econ\u00f3micos variables. Se realizaron adem\u00e1s talleres dentro de distintos ejes tem\u00e1ticos como creaci\u00f3n de concepto y Storytelling; fotograf\u00eda con celular; redes y marketing digital; y empresa y gesti\u00f3n de dise\u00f1o.&nbsp;<\/p>\n\n\n\n<p>Al respecto del trabajo y a modo de balance, Anibal Beorda, Coordinador de Industrias Culturales de la Provincia destac\u00f3: \u201cestamos muy conformes con el alcance y los resultados de este programa, fortaleci\u00f3 90 emprendimientos este a\u00f1o y en total llevamos m\u00e1s 150. Estos resultados son una respuesta sumamente positiva por parte de los participantes, quienes adquirieron nuevas herramientas de gesti\u00f3n, comunicaci\u00f3n y manejo de costos\u201d.<\/p>\n\n\n\n<p><strong>Tutor\u00edas para dise\u00f1adores consolid\u00e1ndose desde el 2021<\/strong><\/p>\n\n\n\n<p>A partir de las experiencias 2021 y 2022 -que se vieron potenciadas por la Feria del Centro en la ciudad de Paran\u00e1 y luego en la ciudad de C\u00f3rdoba como gran punto de promoci\u00f3n de actividades para el sector-, la nueva edici\u00f3n se propuso llegar a un p\u00fablico m\u00e1s amplio de dise\u00f1adores apostando a una gran convocatoria provincial lanzada en mayo de este a\u00f1o.<\/p>\n\n\n\n<figure class=\"wp-block-image size-large\"><img loading=\"lazy\" decoding=\"async\" width=\"1024\" height=\"683\" src=\"https:\/\/www.entrerios.gov.ar\/cultura\/wp-content\/uploads\/2023\/10\/Tutorias-2-1024x683.jpg\" alt=\"\" class=\"wp-image-9552\" srcset=\"https:\/\/www.entrerios.gov.ar\/cultura\/wp-content\/uploads\/2023\/10\/Tutorias-2-980x653.jpg 980w, https:\/\/www.entrerios.gov.ar\/cultura\/wp-content\/uploads\/2023\/10\/Tutorias-2-480x320.jpg 480w\" sizes=\"auto, (min-width: 0px) and (max-width: 480px) 480px, (min-width: 481px) and (max-width: 980px) 980px, (min-width: 981px) 1024px, 100vw\" \/><\/figure>\n\n\n\n<p>Para dar inicio al plan propuesto se seleccionaron dise\u00f1adores\/emprendedores elegidos por su calidad, identidad, sostenibilidad y su aporte a la cultura de la regi\u00f3n. Esta selecci\u00f3n se realiz\u00f3 atendiendo a la variedad de productos y propuestas en dise\u00f1o.<\/p>\n\n\n\n<p>Entre los seleccionados hubo casos de marcas y emprendimiento que ya contaban con experiencias en el mercado y en capacitaciones; y tambi\u00e9n muchos otros nuevos, algunos incipientes, en estado inicial. El objetivo del Programa de las Tutor\u00edas se aboc\u00f3 entonces a monitorear y capacitar para obtener mejoras en distintos aspectos.<\/p>\n\n\n\n<p>Seg\u00fan el balance del cuerpo docente, de los 90 participantes seleccionados un 20% responden a grupos de emprendimientos con trayectoria y experiencia, participaron activamente demostrando compromiso e inter\u00e9s en hacer crecer su empresa, fortalecer su proyecto y poder manejar herramientas para autogestionar algunas etapas y tambi\u00e9n saber c\u00f3mo resolver y a qu\u00e9 profesionales acudir en otras (registro de marca, costos, manejo de redes, etc). \u201cConsideramos esto altamente favorable ya que los participantes pudieron absorber y aplicar aut\u00f3nomamente los contenidos brindados en las capacitaciones, como as\u00ed tambi\u00e9n las recomendaciones y lo demostraron en su participaci\u00f3n en distintas ferias sectoriales, en el manejo de la comunicaci\u00f3n de su empresa y en el progreso en relaci\u00f3n a la calidad y comercializaci\u00f3n de sus productos\u201d, explican.<\/p>\n\n\n\n<p>Otro 65% de los asistentes a las Tutor\u00edas responde a emprendimientos nuevos, incipientes y participaron muy activamente en el programa. La mayor\u00eda se incorporan desde el conocimiento del hacer (artesan\u00edas y oficios), el dise\u00f1o formal o desde la econom\u00eda social. \u201cEste grupo funcion\u00f3 muy bien desde el inicio, establecieron relaciones, compartieron t\u00e9cnicas, procesos, proveedores y fueron muy comprometidos con respecto a la asistencia y participaci\u00f3n, demostrando compromiso e inter\u00e9s en hacer crecer su empresa y fortalecer su proyecto. Estas marcas han mostrado una reacci\u00f3n m\u00e1s r\u00e1pida en relaci\u00f3n al proyecto 2021 y 2022, han empezado a aplicar las herramientas trabajadas durante la capacitaci\u00f3n\u201d agregaron los docentes a cargo.&nbsp;<\/p>\n","protected":false},"excerpt":{"rendered":"<p>La iniciativa fue impulsada por la\u00a0 Secretar\u00eda de Cultura de Entre R\u00edos y en co-gesti\u00f3n con el Consejo Federal de Inversiones (CFI) y el apoyo de las \u00e1reas de cultura de Gualeguaych\u00fa y Concordia. Se capacitaron 90 proyectos en Paran\u00e1, Concordia y Gualeguaych\u00fa.\u00a0 El Programa Tutor\u00edas de Dise\u00f1o fue una serie de capacitaciones especializadas para [&hellip;]<\/p>\n","protected":false},"author":5,"featured_media":9553,"comment_status":"open","ping_status":"open","sticky":false,"template":"","format":"standard","meta":{"_et_pb_use_builder":"off","_et_pb_old_content":"","_et_gb_content_width":"","footnotes":""},"categories":[1,28,78,106],"tags":[],"class_list":["post-9550","post","type-post","status-publish","format-standard","has-post-thumbnail","hentry","category-destacado","category-noticias","category-area-industrias-culturales","category-capacitaciones"],"_links":{"self":[{"href":"https:\/\/www.entrerios.gov.ar\/cultura\/wp-json\/wp\/v2\/posts\/9550","targetHints":{"allow":["GET"]}}],"collection":[{"href":"https:\/\/www.entrerios.gov.ar\/cultura\/wp-json\/wp\/v2\/posts"}],"about":[{"href":"https:\/\/www.entrerios.gov.ar\/cultura\/wp-json\/wp\/v2\/types\/post"}],"author":[{"embeddable":true,"href":"https:\/\/www.entrerios.gov.ar\/cultura\/wp-json\/wp\/v2\/users\/5"}],"replies":[{"embeddable":true,"href":"https:\/\/www.entrerios.gov.ar\/cultura\/wp-json\/wp\/v2\/comments?post=9550"}],"version-history":[{"count":1,"href":"https:\/\/www.entrerios.gov.ar\/cultura\/wp-json\/wp\/v2\/posts\/9550\/revisions"}],"predecessor-version":[{"id":9554,"href":"https:\/\/www.entrerios.gov.ar\/cultura\/wp-json\/wp\/v2\/posts\/9550\/revisions\/9554"}],"wp:featuredmedia":[{"embeddable":true,"href":"https:\/\/www.entrerios.gov.ar\/cultura\/wp-json\/wp\/v2\/media\/9553"}],"wp:attachment":[{"href":"https:\/\/www.entrerios.gov.ar\/cultura\/wp-json\/wp\/v2\/media?parent=9550"}],"wp:term":[{"taxonomy":"category","embeddable":true,"href":"https:\/\/www.entrerios.gov.ar\/cultura\/wp-json\/wp\/v2\/categories?post=9550"},{"taxonomy":"post_tag","embeddable":true,"href":"https:\/\/www.entrerios.gov.ar\/cultura\/wp-json\/wp\/v2\/tags?post=9550"}],"curies":[{"name":"wp","href":"https:\/\/api.w.org\/{rel}","templated":true}]}}