{"id":9658,"date":"2023-11-07T14:45:00","date_gmt":"2023-11-07T14:45:00","guid":{"rendered":"https:\/\/www.entrerios.gov.ar\/cultura\/?p=9658"},"modified":"2025-02-20T21:37:53","modified_gmt":"2025-02-20T21:37:53","slug":"se-inaugurara-el-lx-salon-provincial-de-artes-visuales-de-entre-rios-2023-en-la-nueva-edicion-de-la-noche-de-los-museos","status":"publish","type":"post","link":"https:\/\/www.entrerios.gov.ar\/cultura\/se-inaugurara-el-lx-salon-provincial-de-artes-visuales-de-entre-rios-2023-en-la-nueva-edicion-de-la-noche-de-los-museos\/","title":{"rendered":"Se inaugurar\u00e1 el LX Sal\u00f3n Provincial de Artes Visuales de Entre R\u00edos 2023 en la nueva edici\u00f3n de la Noche de los Museos"},"content":{"rendered":"\n<p>La cita ser\u00e1 el pr\u00f3ximo viernes 10 de noviembre a las 20 en la sede del Museo Provincial de Bellas Artes Dr. Pedro E. Mart\u00ednez, calle Buenos Aires 355 de la ciudad de Paran\u00e1, con acceso libre y gratuito.<\/p>\n\n\n\n<p>Se llevar\u00e1 a cabo la cl\u00e1sica entrega de premios y apertura de la muestra de artes visuales m\u00e1s numerosa, representativa y federal de nuestra provincia: el Sal\u00f3n Provincial de Artes Visuales de Entre R\u00edos. En esta oportunidad, el Museo Provincial de Bellas Artes Dr. Pedro E. Mart\u00ednez -dependiente de la Secretar\u00eda de Cultura de Entre R\u00edos-, realizar\u00e1 la exhibici\u00f3n conjunta de las 76 obras seleccionadas en las disciplinas de Pintura, Escultura, Dibujo, Arte Cer\u00e1mico, Arte Textil y Grabado pertenecientes a 64 artistas de 18 localidades entrerrianas en el marco de los Premios Adquisici\u00f3n &#8220;Gobierno de Entre R\u00edos&#8221; 2023.&nbsp;<\/p>\n\n\n\n<p>Este a\u00f1o la celebraci\u00f3n tendr\u00e1 lugar durante el desarrollo de una nueva edici\u00f3n de la Noche de los Museos Entrerrianos por lo que adem\u00e1s del acto de entrega de premios y distinciones se presentar\u00e1 el set fusi\u00f3n entre la artista visual De Si Dee + y la DJ Rayoloser acompa\u00f1ando el brindis de honor.<\/p>\n\n\n\n<p>Con esta iniciativa el estado estimula y destaca la labor de las y los artistas visuales de la provincia a la vez que permite el enriquecimiento del patrimonio art\u00edstico a partir del ingreso de las nuevas piezas premiadas. Adem\u00e1s, la muestra podr\u00e1 ser visitada hasta mediados del mes de marzo de 2024 con acceso libre y gratuito en los horarios habituales del Museo.<\/p>\n\n\n\n<p>Para acceder a m\u00e1s informaci\u00f3n de La Noche de los Museos 2023, ingresar a la programaci\u00f3n disponible en: https:\/\/drive.google.com\/drive\/folders\/1_RZn21MIkCnTyTNDf2z-xhAJsyWLEJB8<\/p>\n","protected":false},"excerpt":{"rendered":"<p>La cita ser\u00e1 el pr\u00f3ximo viernes 10 de noviembre a las 20 en la sede del Museo Provincial de Bellas Artes Dr. Pedro E. Mart\u00ednez, calle Buenos Aires 355 de la ciudad de Paran\u00e1, con acceso libre y gratuito. Se llevar\u00e1 a cabo la cl\u00e1sica entrega de premios y apertura de la muestra de artes [&hellip;]<\/p>\n","protected":false},"author":48,"featured_media":0,"comment_status":"open","ping_status":"open","sticky":false,"template":"","format":"standard","meta":{"_et_pb_use_builder":"off","_et_pb_old_content":"","_et_gb_content_width":"","footnotes":""},"categories":[1,28,9],"tags":[],"class_list":["post-9658","post","type-post","status-publish","format-standard","hentry","category-destacado","category-noticias","category-museo-bellas-artes"],"_links":{"self":[{"href":"https:\/\/www.entrerios.gov.ar\/cultura\/wp-json\/wp\/v2\/posts\/9658","targetHints":{"allow":["GET"]}}],"collection":[{"href":"https:\/\/www.entrerios.gov.ar\/cultura\/wp-json\/wp\/v2\/posts"}],"about":[{"href":"https:\/\/www.entrerios.gov.ar\/cultura\/wp-json\/wp\/v2\/types\/post"}],"author":[{"embeddable":true,"href":"https:\/\/www.entrerios.gov.ar\/cultura\/wp-json\/wp\/v2\/users\/48"}],"replies":[{"embeddable":true,"href":"https:\/\/www.entrerios.gov.ar\/cultura\/wp-json\/wp\/v2\/comments?post=9658"}],"version-history":[{"count":1,"href":"https:\/\/www.entrerios.gov.ar\/cultura\/wp-json\/wp\/v2\/posts\/9658\/revisions"}],"predecessor-version":[{"id":12630,"href":"https:\/\/www.entrerios.gov.ar\/cultura\/wp-json\/wp\/v2\/posts\/9658\/revisions\/12630"}],"wp:attachment":[{"href":"https:\/\/www.entrerios.gov.ar\/cultura\/wp-json\/wp\/v2\/media?parent=9658"}],"wp:term":[{"taxonomy":"category","embeddable":true,"href":"https:\/\/www.entrerios.gov.ar\/cultura\/wp-json\/wp\/v2\/categories?post=9658"},{"taxonomy":"post_tag","embeddable":true,"href":"https:\/\/www.entrerios.gov.ar\/cultura\/wp-json\/wp\/v2\/tags?post=9658"}],"curies":[{"name":"wp","href":"https:\/\/api.w.org\/{rel}","templated":true}]}}