{"id":9719,"date":"2023-11-30T16:45:00","date_gmt":"2023-11-30T16:45:00","guid":{"rendered":"https:\/\/www.entrerios.gov.ar\/cultura\/?p=9719"},"modified":"2025-02-20T21:39:02","modified_gmt":"2025-02-20T21:39:02","slug":"con-gran-participacion-federal-cerro-la-primera-convocatoria-del-contier","status":"publish","type":"post","link":"https:\/\/www.entrerios.gov.ar\/cultura\/con-gran-participacion-federal-cerro-la-primera-convocatoria-del-contier\/","title":{"rendered":"Con gran participaci\u00f3n federal cerr\u00f3 la primera convocatoria del ConTIER"},"content":{"rendered":"\n<p>El Consejo Provincial de Teatro Independiente de Entre R\u00edos (ConTIER) celebr\u00f3 la repercusi\u00f3n que tuvo la primera convocatoria de fomento a la actividad teatral independiente en el marco de la celebraci\u00f3n de los 40 a\u00f1os de democracia en Argentina. Se presentaron 112 proyectos.&nbsp; El monto total destinado ser\u00e1 de $45.500.000.<\/p>\n\n\n\n<p>A trav\u00e9s de la Secretar\u00eda de Cultura de Entre R\u00edos el ConTIER informa a la comunidad algunos detalles sobre la primera convocatoria que cerr\u00f3 el pasado 27 de noviembre. Al respecto de las carpetas presentadas los integrantes del Consejo resaltaron que los proyectos provienen de 30 localidades entrerrianas, y de las cinco regiones, fortaleciendo de \u00e9sta manera el esp\u00edritu federal y participativo que promueve la Ley de Teatro Independiente entrerriano (Ley N\u00b0 10.931). La mencionada legislaci\u00f3n surgi\u00f3 de una aut\u00e9ntica necesidad de la comunidad teatral, de una lucha sostenida por garantizar y visibilizar los derechos de un sector que ha realizado aportes culturales invaluables tanto al patrimonio material como inmaterial de la provincia.<br><\/p>\n\n\n\n<p>Esta primera convocatoria lanzada por el ConTIER se propuso fomentar proyectos culturales diversos del sector, atendiendo a necesidades detectadas en relevamientos que se llevaron a cabo en reuniones que los y las representantes regionales sostuvieron en el territorio de la provincia. Los 40 a\u00f1os de democracia en Argentina es el n\u00facleo conceptual marco de la convocatoria; y siete los ejes tem\u00e1ticos para fundamentar los proyectos.\u00a0\u00a0<\/p>\n\n\n\n<p>El ConTIER entiende como fomento a las acciones que tiendan a generar nuevos circuitos en territorio, nuevos p\u00fablicos, expansi\u00f3n de la actividad en lugares donde no llega el teatro y todo trabajo en territorio donde impacte la actividad con proyecci\u00f3n a futuro, promoviendo adem\u00e1s la participaci\u00f3n de propuestas que se postulen por primera vez a una convocatoria.<\/p>\n\n\n\n<p>A partir de ahora, en la instancia de evaluaci\u00f3n, los proyectos postulados est\u00e1n en manos del Jurado que fue oportunamente elegido por concurso con la comunidad y est\u00e1 integrado por Eduardo Vel\u00e1zquez (Regi\u00f3n 2, M\u00f3nica Borgogno (Regi\u00f3n 3) y Juan Dom\u00e9 (Regi\u00f3n 5).<\/p>\n\n\n\n<p><strong>Tem\u00e1ticas, distribuci\u00f3n y montos topes por proyecto<\/strong><\/p>\n\n\n\n<p>El monto total destinado ser\u00e1 de $45.500.000 del Fondo para el Teatro Independiente de Entre R\u00edos especificado en la ley 10.931, y ser\u00e1 distribuido de forma equitativa entre las<\/p>\n\n\n\n<p>regiones estipuladas en la mencionada ley. El monto tope por proyecto ser\u00e1 de $700.000. Las l\u00edneas de encuadre de los proyectos podr\u00e1n estar destinadas a investigaci\u00f3n, equipamiento para grupos o espacios, gira y circulaci\u00f3n, producci\u00f3n de obra, asistencia t\u00e9cnica\/capacitaciones, eventos\/ encuentros\/ festivales, publicaciones, y aportes al sostenimiento de espacios esc\u00e9nicos.<\/p>\n\n\n\n<p><strong>El Consejo<\/strong><\/p>\n\n\n\n<p>El ConTIER es un \u00f3rgano aut\u00e1rquico, encargado de velar por la protecci\u00f3n, promoci\u00f3n y apoyo de la actividad teatral independiente en la Provincia de Entre R\u00edos. Creado a partir de la Ley 10.931 (Ley TIER) es la m\u00e1xima autoridad de direcci\u00f3n y est\u00e1 integrado por seis miembros de diferentes regiones de la provincia. Lo integran cinco representantes por cada una de las regiones elegidos\/as por el voto directo de los miembros de la comunidad regional que representan y un\/a representante de la Secretar\u00eda de Cultura de Entre R\u00edos designado por decreto del Poder Ejecutivo Provincial quien ejerce la funci\u00f3n de Director Ejecutivo oficiando de nexo entre el Consejo Provincial de Teatro Independiente y el Estado Provincial.<br><\/p>\n\n\n\n<p><strong>M\u00e1s informaci\u00f3n<\/strong>:\u00a0<a href=\"https:\/\/www.entrerios.gov.ar\/cultura\/contier\/\" target=\"_blank\" rel=\"noreferrer noopener\">https:\/\/www.entrerios.gov.ar\/cultura\/contier\/<\/a><\/p>\n","protected":false},"excerpt":{"rendered":"<p>El Consejo Provincial de Teatro Independiente de Entre R\u00edos (ConTIER) celebr\u00f3 la repercusi\u00f3n que tuvo la primera convocatoria de fomento a la actividad teatral independiente en el marco de la celebraci\u00f3n de los 40 a\u00f1os de democracia en Argentina. Se presentaron 112 proyectos.&nbsp; El monto total destinado ser\u00e1 de $45.500.000. A trav\u00e9s de la Secretar\u00eda [&hellip;]<\/p>\n","protected":false},"author":48,"featured_media":0,"comment_status":"open","ping_status":"open","sticky":false,"template":"","format":"standard","meta":{"_et_pb_use_builder":"off","_et_pb_old_content":"","_et_gb_content_width":"","footnotes":""},"categories":[1,28,58,132],"tags":[],"class_list":["post-9719","post","type-post","status-publish","format-standard","hentry","category-destacado","category-noticias","category-concursos-cerrados","category-consejo-provincial-de-teatro"],"_links":{"self":[{"href":"https:\/\/www.entrerios.gov.ar\/cultura\/wp-json\/wp\/v2\/posts\/9719","targetHints":{"allow":["GET"]}}],"collection":[{"href":"https:\/\/www.entrerios.gov.ar\/cultura\/wp-json\/wp\/v2\/posts"}],"about":[{"href":"https:\/\/www.entrerios.gov.ar\/cultura\/wp-json\/wp\/v2\/types\/post"}],"author":[{"embeddable":true,"href":"https:\/\/www.entrerios.gov.ar\/cultura\/wp-json\/wp\/v2\/users\/48"}],"replies":[{"embeddable":true,"href":"https:\/\/www.entrerios.gov.ar\/cultura\/wp-json\/wp\/v2\/comments?post=9719"}],"version-history":[{"count":1,"href":"https:\/\/www.entrerios.gov.ar\/cultura\/wp-json\/wp\/v2\/posts\/9719\/revisions"}],"predecessor-version":[{"id":12727,"href":"https:\/\/www.entrerios.gov.ar\/cultura\/wp-json\/wp\/v2\/posts\/9719\/revisions\/12727"}],"wp:attachment":[{"href":"https:\/\/www.entrerios.gov.ar\/cultura\/wp-json\/wp\/v2\/media?parent=9719"}],"wp:term":[{"taxonomy":"category","embeddable":true,"href":"https:\/\/www.entrerios.gov.ar\/cultura\/wp-json\/wp\/v2\/categories?post=9719"},{"taxonomy":"post_tag","embeddable":true,"href":"https:\/\/www.entrerios.gov.ar\/cultura\/wp-json\/wp\/v2\/tags?post=9719"}],"curies":[{"name":"wp","href":"https:\/\/api.w.org\/{rel}","templated":true}]}}