{"id":9729,"date":"2023-12-05T19:25:03","date_gmt":"2023-12-05T19:25:03","guid":{"rendered":"https:\/\/www.entrerios.gov.ar\/cultura\/?p=9729"},"modified":"2023-12-05T19:25:05","modified_gmt":"2023-12-05T19:25:05","slug":"el-museo-provincial-eva-peron-y-su-irreductible-tarea-de-dar-testimonio","status":"publish","type":"post","link":"https:\/\/www.entrerios.gov.ar\/cultura\/el-museo-provincial-eva-peron-y-su-irreductible-tarea-de-dar-testimonio\/","title":{"rendered":"El Museo Provincial Eva Per\u00f3n y su irreductible tarea de dar testimonio"},"content":{"rendered":"\n<p>Entre 2019 y 2023, el organismo dependiente de la Secretar\u00eda de Cultura de Entre R\u00edos concret\u00f3 62 propuestas libres y gratuitas para el p\u00fablico, entre muestras y actividades especiales como recreaciones para las infancias, capacitaciones, talleres y ferias. Adem\u00e1s de su participaci\u00f3n en cinco ediciones de La Noche de los Museos. Su fondo documental ya es una referencia en la regi\u00f3n para la consulta y la investigaci\u00f3n universitaria.&nbsp;<\/p>\n\n\n\n<p>\u201cDurante estos cuatro a\u00f1os se proyect\u00f3 al Museo como una referencia que da testimonio de la obra de la Fundaci\u00f3n Eva Per\u00f3n en Paran\u00e1 y la Provincia. Se propusieron actividades que priorizaron la memoria, el acceso a bienes culturales, la inclusi\u00f3n social, la cuesti\u00f3n de g\u00e9nero y la interacci\u00f3n con la comunidad de los barrios adyacentes al organismo\u201d, explic\u00f3 la Dra. Sara Liponezky, directora de este organismo.&nbsp;<\/p>\n\n\n\n<p>La funcionaria tambi\u00e9n agreg\u00f3 en el balance de su gesti\u00f3n, que se realiz\u00f3 una tarea de difusi\u00f3n y promoci\u00f3n de sus acciones a trav\u00e9s de medios de la ciudad, la provincia y tambi\u00e9n nacionales. Se construy\u00f3 un intercambio de asesoramiento y apoyo institucional-acad\u00e9mico con el Instituto Nacional de Investigaciones Hist\u00f3ricas Eva Per\u00f3n y&nbsp; la Asociaci\u00f3n Museo Evita, de la ciudad de Buenos Aires.&nbsp;<\/p>\n\n\n\n<p>Coment\u00f3 adem\u00e1s que se desarrollaron acciones que apuntaron a la organizaci\u00f3n, sistematizaci\u00f3n, y digitalizaci\u00f3n de la valiosa documentaci\u00f3n obrante en el Archivo que custodia, a fin de asegurar su adecuada preservaci\u00f3n y ofrecerlo al conocimiento del p\u00fablico. Se trata de decenas de actas que respaldan la autenticidad de objetos hist\u00f3ricos (que est\u00e1n en las seis salas y el dep\u00f3sito) y m\u00e1s de 400 planos originales correspondientes a la estructura edilicia del Complejo Escuela Hogar Eva Per\u00f3n.&nbsp;<\/p>\n\n\n\n<p>El Museo fue creado por Ley Provincial N\u00b010021, del 29 de marzo de 2011, en cuanto a sus incumbencias y objetivos. Y fue inaugurado el 22 de agosto de 2019; es el organismo m\u00e1s joven dentro de la estructura de la Secretar\u00eda de Cultura provincial. Su patrimonio muestra y narra un cap\u00edtulo pleno de pol\u00edticas p\u00fablicas en la historia argentina.&nbsp;<\/p>\n\n\n\n<p>La directora remarc\u00f3 que su gesti\u00f3n \u201cdeja al Museo provisto de una Asociaci\u00f3n de Amigos, con personer\u00eda jur\u00eddica, un apoyo institucional sustancial con la misi\u00f3n de apoyar las actividades y en un futuro gestar fondos por ejemplo con la venta de merchandising, que puedan solventar gastos de caja chica. Y el tejido de una estrecha relaci\u00f3n con entidades acad\u00e9micas que lo proyecta como referencia para los investigadores universitarios y \u00e1mbitos superiores\u201d.&nbsp;&nbsp;<\/p>\n\n\n\n<p><strong>Medidas de seguridad para su documentaci\u00f3n<\/strong><\/p>\n\n\n\n<p>\u201cOtro punto importante es que este a\u00f1o se traslad\u00f3 desde el edificio del Complejo Educativo, el Archivo Hist\u00f3rico completo, que consta de m\u00e1s de 400 planos originales y decenas de actas que certifican el origen de los objetos patrimoniales. Ahora est\u00e1n ubicados en una de las salas de nuestro museo, bajo temperaturas ideales, con una puerta de blindex, y cubierto al igual que el resto de las colecciones por el sistema de alarmas y c\u00e1maras de seguridad\u201d, coment\u00f3 Liponezky.<\/p>\n\n\n\n<p><strong>Reaprovechamiento del espacio y recursos&nbsp;<\/strong><\/p>\n\n\n\n<p>El balance contempla que queda instalada una estrategia de utilizaci\u00f3n permanente \u2013siempre que el clima lo permita- de extender las acciones a cielo abierto en el parque que lo circunda, realizando ferias, muestras temporales, teatro, recreaci\u00f3n infantil y musicales. En estas temporadas la Radio Nacional LT14 General Urquiza realiz\u00f3 transmisiones desde los exteriores de las salas. Se desarrollaron con escuelas secundarias actividades did\u00e1cticas de ejercicio de la ciudadan\u00eda, como por ejemplo simulacros de votaci\u00f3n.&nbsp;&nbsp;<\/p>\n\n\n\n<p>Durante el 2020 en cuarentena cerrada por la pandemia, toda su propuesta se desarroll\u00f3 de manera virtual y el 2021 aplic\u00f3 la bimodalidad, volviendo de a poco con los protocolos sanitarios estipulados. En ese marco se destacan un ciclo de videoconferencias con mujeres acad\u00e9micas de renombre; recorridos virtuales por sus salas proyectadas en sus redes sociales; y la producci\u00f3n conjunta de un video documental con el Instituto Aut\u00e1rquico Audiovisual de Entre R\u00edos, titulado \u201cMujeres\u201d. Se trat\u00f3 de una vuelta por los espacios del museo y del Complejo Escuela Hogar, recordando su historia y la obra social del peronismo de los a\u00f1os \u201950, abordado a su vez transversalmente por la cuesti\u00f3n de g\u00e9nero, haciendo hincapi\u00e9 sobre los derechos de las mujeres y el rol que cumplen en la tarea social y pol\u00edtica.<\/p>\n\n\n\n<p><strong>Rol de los mediadores culturales<\/strong><\/p>\n\n\n\n<p>Grupos de becarios, mediadoras y mediadores de la UADER, generaron ideas, estrategias y programas \u2013 muchos en conjunto con otras instituciones\u2013 para optimizar la interacci\u00f3n entre los objetos y las personas interesadas en conocerlos. Provienen de distintas carreras, afines a la tarea del organismo. El equipo actual de Mediadores del Museo est\u00e1 compuesto por: Jimena Franco (coordinadora); Valentina Lomagno; Araceli Tabia; Cintia Zilloni; Yamila Albarrac\u00edn; Milagros Toledo; Manuel Sanzberro; Maximiliano Solaro; \u00c1ngel Mallarino; Natasha Leikam.<\/p>\n\n\n\n<p><strong>Trabajo con la comunidad<\/strong><\/p>\n\n\n\n<p>Liponezky cont\u00f3 por otra parte, \u201cque el Estado es uno y lo integramos todas y todos, por lo que procur\u00e9 compartir esfuerzos y apelar a la colaboraci\u00f3n y complementariedad con otras entidades p\u00fablicas y no gubernamentales. Con igual criterio y la certeza de que una condici\u00f3n esencial para la permanencia de las buenas obras es lograr que la Comunidad se sienta parte de ellas, organizamos la Red Museo en Comunidad\u201d. Se trata de un tejido donde entidades solidarias, clubes de la zona, vecinales y representantes de otras dependencias situadas en el Complejo se sumaron activamente a la iniciativa, con sus propuestas, su identidad y una valiosa voluntad de compartir.<\/p>\n\n\n\n<p>Dentro del predio, la primera aproximaci\u00f3n fue hacia docentes y alumnos que habitan las escuelas que conforman el Complejo. Por lo que se prioriz\u00f3 la agenda de visitas guiadas a la comunidad educativa del mismo, como tambi\u00e9n de las y los adultos mayores que asisten al Hospital de D\u00eda Mario Bozzi que se encuadra dentro del servicio del Hospital Geri\u00e1trico Pascual Palma (dentro del Complejo). Luego, se abarc\u00f3 a las escuelas ubicadas en el ejido vecinal. \u201cAs\u00ed fuimos articulando interesantes v\u00ednculos y proyectos que favorecieron el acercamiento de las infancias, las y los j\u00f3venes estudiantes, como de hombres y mujeres asistentes al hospital de d\u00eda\u201d, concluy\u00f3 la directora.&nbsp;<\/p>\n\n\n\n<p><strong>Comunicaci\u00f3n y prensa<\/strong><\/p>\n\n\n\n<p>El Museo desarroll\u00f3 una estrategia de difusi\u00f3n y promoci\u00f3n de su actividad integral, desde las redes sociales propias y las de la Secretar\u00eda de Cultura provincial. Estableci\u00f3 una agenda de notas y entrevistas con los canales de televisi\u00f3n y diarios locales, para la cobertura de las propuestas que se hicieron con regularidad todos los meses. Tambi\u00e9n se proyect\u00f3 este esquema con los medios del interior de la provincia, y medios nacionales que se interesaron por el museo no solo como referencia hist\u00f3rica sino tambi\u00e9n como atractivo tur\u00edstico.&nbsp;<\/p>\n\n\n\n<p><strong>(Prensa Museo Provincial Hogar Escuela Eva Per\u00f3n)<\/strong><\/p>\n","protected":false},"excerpt":{"rendered":"<p>Entre 2019 y 2023, el organismo dependiente de la Secretar\u00eda de Cultura de Entre R\u00edos concret\u00f3 62 propuestas libres y gratuitas para el p\u00fablico, entre muestras y actividades especiales como recreaciones para las infancias, capacitaciones, talleres y ferias. Adem\u00e1s de su participaci\u00f3n en cinco ediciones de La Noche de los Museos. Su fondo documental ya [&hellip;]<\/p>\n","protected":false},"author":5,"featured_media":9730,"comment_status":"open","ping_status":"open","sticky":false,"template":"","format":"standard","meta":{"_et_pb_use_builder":"off","_et_pb_old_content":"","_et_gb_content_width":"","footnotes":""},"categories":[1,28,14],"tags":[],"class_list":["post-9729","post","type-post","status-publish","format-standard","has-post-thumbnail","hentry","category-destacado","category-noticias","category-museo-hogar-escuela-eva-peron"],"_links":{"self":[{"href":"https:\/\/www.entrerios.gov.ar\/cultura\/wp-json\/wp\/v2\/posts\/9729","targetHints":{"allow":["GET"]}}],"collection":[{"href":"https:\/\/www.entrerios.gov.ar\/cultura\/wp-json\/wp\/v2\/posts"}],"about":[{"href":"https:\/\/www.entrerios.gov.ar\/cultura\/wp-json\/wp\/v2\/types\/post"}],"author":[{"embeddable":true,"href":"https:\/\/www.entrerios.gov.ar\/cultura\/wp-json\/wp\/v2\/users\/5"}],"replies":[{"embeddable":true,"href":"https:\/\/www.entrerios.gov.ar\/cultura\/wp-json\/wp\/v2\/comments?post=9729"}],"version-history":[{"count":1,"href":"https:\/\/www.entrerios.gov.ar\/cultura\/wp-json\/wp\/v2\/posts\/9729\/revisions"}],"predecessor-version":[{"id":9731,"href":"https:\/\/www.entrerios.gov.ar\/cultura\/wp-json\/wp\/v2\/posts\/9729\/revisions\/9731"}],"wp:featuredmedia":[{"embeddable":true,"href":"https:\/\/www.entrerios.gov.ar\/cultura\/wp-json\/wp\/v2\/media\/9730"}],"wp:attachment":[{"href":"https:\/\/www.entrerios.gov.ar\/cultura\/wp-json\/wp\/v2\/media?parent=9729"}],"wp:term":[{"taxonomy":"category","embeddable":true,"href":"https:\/\/www.entrerios.gov.ar\/cultura\/wp-json\/wp\/v2\/categories?post=9729"},{"taxonomy":"post_tag","embeddable":true,"href":"https:\/\/www.entrerios.gov.ar\/cultura\/wp-json\/wp\/v2\/tags?post=9729"}],"curies":[{"name":"wp","href":"https:\/\/api.w.org\/{rel}","templated":true}]}}