{"id":9736,"date":"2023-12-08T07:35:00","date_gmt":"2023-12-08T07:35:00","guid":{"rendered":"https:\/\/www.entrerios.gov.ar\/cultura\/?p=9736"},"modified":"2023-12-06T21:44:37","modified_gmt":"2023-12-06T21:44:37","slug":"balance-de-la-gestion-en-su-balance-de-gestion-dagostino-valoro-ejes-de-accion-que-consideran-la-cultura-como-derecho-esencial","status":"publish","type":"post","link":"https:\/\/www.entrerios.gov.ar\/cultura\/balance-de-la-gestion-en-su-balance-de-gestion-dagostino-valoro-ejes-de-accion-que-consideran-la-cultura-como-derecho-esencial\/","title":{"rendered":"Balance de la Gesti\u00f3n |\u00a0En su balance de gesti\u00f3n D\u00b4Agostino valor\u00f3 ejes de acci\u00f3n que consideran la Cultura como derecho esencial"},"content":{"rendered":"\n<p><\/p>\n\n\n\n<p>La secretaria de Cultura de Entre R\u00edos, Francisca D\u00b4Agostino present\u00f3 un exhaustivo informe sobre las tareas realizadas en la cartera desde diciembre del 2019. En el texto se enumeran y explican las iniciativas in\u00e9ditas y de continuidad impulsadas por la gesti\u00f3n. Se detallan tambi\u00e9n los programas y ejes de acci\u00f3n que atravesaron el trabajo de los m\u00e1s de 20 organismos y \u00e1reas dependientes.<\/p>\n\n\n\n<p>La funcionaria y su equipo manifiestan la concepci\u00f3n de cultura que gui\u00f3 el dise\u00f1o de las pol\u00edticas culturales de los \u00faltimos a\u00f1os. El valor est\u00e9tico, simb\u00f3lico y art\u00edstico de la cultura, su condici\u00f3n de factor de desarrollo social y econ\u00f3mico, y fundamentalmente, su caracter\u00edstica de derecho esencial fueron las dimensiones fundamentales que se materializaron en acciones.<\/p>\n\n\n\n<div class=\"wp-block-columns is-layout-flex wp-container-core-columns-is-layout-9d6595d7 wp-block-columns-is-layout-flex\">\n<div class=\"wp-block-column is-layout-flow wp-block-column-is-layout-flow\">\n<div class=\"wp-block-columns is-layout-flex wp-container-core-columns-is-layout-9d6595d7 wp-block-columns-is-layout-flex\">\n<div class=\"wp-block-column is-layout-flow wp-block-column-is-layout-flow\" style=\"flex-basis:100%\">\n<figure class=\"wp-block-image size-large\"><img loading=\"lazy\" decoding=\"async\" width=\"1024\" height=\"683\" src=\"https:\/\/www.entrerios.gov.ar\/cultura\/wp-content\/uploads\/2023\/12\/53323826901_06da655b09_o-1-1024x683.jpg\" alt=\"\" class=\"wp-image-9745\" srcset=\"https:\/\/www.entrerios.gov.ar\/cultura\/wp-content\/uploads\/2023\/12\/53323826901_06da655b09_o-1-980x653.jpg 980w, https:\/\/www.entrerios.gov.ar\/cultura\/wp-content\/uploads\/2023\/12\/53323826901_06da655b09_o-1-480x320.jpg 480w\" sizes=\"auto, (min-width: 0px) and (max-width: 480px) 480px, (min-width: 481px) and (max-width: 980px) 980px, (min-width: 981px) 1024px, 100vw\" \/><\/figure>\n<\/div>\n<\/div>\n<\/div>\n\n\n\n<div class=\"wp-block-column is-layout-flow wp-block-column-is-layout-flow\">\n<figure class=\"wp-block-image size-large is-resized\"><img loading=\"lazy\" decoding=\"async\" width=\"1024\" height=\"630\" src=\"https:\/\/www.entrerios.gov.ar\/cultura\/wp-content\/uploads\/2023\/12\/53211192921_4fa98d75c3_o-1024x630.jpg\" alt=\"\" class=\"wp-image-9746\" style=\"width:434px;height:auto\" srcset=\"https:\/\/www.entrerios.gov.ar\/cultura\/wp-content\/uploads\/2023\/12\/53211192921_4fa98d75c3_o-980x603.jpg 980w, https:\/\/www.entrerios.gov.ar\/cultura\/wp-content\/uploads\/2023\/12\/53211192921_4fa98d75c3_o-480x296.jpg 480w\" sizes=\"auto, (min-width: 0px) and (max-width: 480px) 480px, (min-width: 481px) and (max-width: 980px) 980px, (min-width: 981px) 1024px, 100vw\" \/><\/figure>\n<\/div>\n<\/div>\n\n\n\n<p>Con esos sentidos como horizonte, los objetivos de la Secretar\u00eda se centraron en revalorizar el trabajo cultural en sus distintas esferas en consonancia con los derechos de sus trabajadores; en federalizar las acciones y pol\u00edticas de cultura en el territorio; y en generar mayor reconocimiento de la cartera de Cultura dentro de la gesti\u00f3n de gobierno. Fortalecer las&nbsp; industrias creativas y dise\u00f1ar pol\u00edticas p\u00fablicas en el largo plazo fueron otros de los prop\u00f3sitos.<\/p>\n\n\n\n<p>\u201cEl horizonte ha sido siempre la mejora y ampliaci\u00f3n de la infraestructura cultural y su acceso\u201d, manifiesta la gesti\u00f3n saliente en el informe que da cuenta de la planificaci\u00f3n y el desarrollo de todas las acciones realizadas en funci\u00f3n de las diferentes expresiones art\u00edsticas culturales de la provincia: eventos, ciclos, programas, convocatorias, concursos y normativas.&nbsp;<\/p>\n\n\n\n<figure class=\"wp-block-image size-large\"><img loading=\"lazy\" decoding=\"async\" width=\"1024\" height=\"696\" src=\"https:\/\/www.entrerios.gov.ar\/cultura\/wp-content\/uploads\/2023\/12\/BALANCE-FD4.2-1024x696.jpg\" alt=\"\" class=\"wp-image-9741\" srcset=\"https:\/\/www.entrerios.gov.ar\/cultura\/wp-content\/uploads\/2023\/12\/BALANCE-FD4.2-980x666.jpg 980w, https:\/\/www.entrerios.gov.ar\/cultura\/wp-content\/uploads\/2023\/12\/BALANCE-FD4.2-480x326.jpg 480w\" sizes=\"auto, (min-width: 0px) and (max-width: 480px) 480px, (min-width: 481px) and (max-width: 980px) 980px, (min-width: 981px) 1024px, 100vw\" \/><\/figure>\n\n\n\n<p><strong>Ocho leyes culturales y trabajo pendiente a largo plazo<\/strong><\/p>\n\n\n\n<p>Al considerar la dimensi\u00f3n cultural como un trabajo sostenido en el tiempo e intersectorial, la gesti\u00f3n saliente trabaj\u00f3 fuertemente en la regulaci\u00f3n normativa de la Ley de Grados Orquesta Sinf\u00f3nica N\u00ba 11.037\/2022, la Ley de Fondo Editorial N\u00ba 11.002\/2022, la Ley de Teatro Independiente N\u00ba 10.931\/2021 y sus reglamentaciones, la Ley de Fomento a la Producci\u00f3n Audiovisual Entrerriana N\u00ba 10.937\/2021 y su reglamentaci\u00f3n, la Ley de Patrimonio Cultural Provincial Material e Inmaterial N\u00ba 10.911\/2021 y su reglamentaci\u00f3n, la Ley de Creaci\u00f3n del Consejo Provincial de Cultura N\u00ba 10.928, la Reglamentaci\u00f3n de la Ley de Artesan\u00edas. Decreto N\u00ba 480\/2021; y la Ley de Beneficio a la Preservaci\u00f3n del Patrimonio Edilicio N\u00b0 11.046\/2022. Est\u00e1s normativas sientan un valioso precedente in\u00e9dito en la provincia en la gesti\u00f3n cultural p\u00fablica.&nbsp;<\/p>\n\n\n\n<p><strong>Creaci\u00f3n de nuevos salones provinciales: un reconocimiento a disciplinas de gran acervo art\u00edstico<\/strong><\/p>\n\n\n\n<p>A las convocatorias ya existentes como el Sal\u00f3n Provincial de Artes Visuales de Entre R\u00edos, el Premio Literario Fray Mocho, el Concurso Literario Provincial \u201cJuan L. Ortiz\u201d, el Sal\u00f3n Nacional de Entre R\u00edos Dibujo\/Grabado, se incorporaron en la \u00faltima gesti\u00f3n otros nuevos salones y concursos\u00a0 promover distintas disciplinas art\u00edsticas-culturales y dar impulso al sector: Fondos Concursables, Cultura en el Territorio, Conservaci\u00f3n Beneficio Patrimonial, Premio Pieza \u00danica Artesanal, Premio Provincial de Danzas, Sal\u00f3n de Fotograf\u00eda.<\/p>\n\n\n\n<figure class=\"wp-block-image size-large\"><img loading=\"lazy\" decoding=\"async\" width=\"1024\" height=\"632\" src=\"https:\/\/www.entrerios.gov.ar\/cultura\/wp-content\/uploads\/2023\/12\/Balance-FD2-1024x632.jpg\" alt=\"\" class=\"wp-image-9738\" srcset=\"https:\/\/www.entrerios.gov.ar\/cultura\/wp-content\/uploads\/2023\/12\/Balance-FD2-980x605.jpg 980w, https:\/\/www.entrerios.gov.ar\/cultura\/wp-content\/uploads\/2023\/12\/Balance-FD2-480x296.jpg 480w\" sizes=\"auto, (min-width: 0px) and (max-width: 480px) 480px, (min-width: 481px) and (max-width: 980px) 980px, (min-width: 981px) 1024px, 100vw\" \/><\/figure>\n\n\n\n<p><strong>Una nueva estructura administrativa y organizaci\u00f3n interna para la Secretar\u00eda<\/strong><\/p>\n\n\n\n<p>A los fines de optimizar el circuito administrativo, se&nbsp; generaron en este lapso de tiempo las condiciones necesarias para separar la dependencia de las \u00e1reas&nbsp; legales y contables que se encontraban bajo la&nbsp; \u00f3rbita de la Gobernaci\u00f3n. De esta manera, se crearon un \u00c1rea Legal y un \u00c1rea Contable propias de la Secretar\u00eda de Cultura, representando un salto de calidad en la estructura del organismo que permiti\u00f3 perfeccionar el procedimiento de expedientes y los tiempos de&nbsp; tramitaci\u00f3n. La conformaci\u00f3n de ambas \u00e1reas fue&nbsp;<\/p>\n\n\n\n<p>realiz\u00e1ndose principalmente a partir de la reorganizaci\u00f3n de trabajadores de la cartera, adscriptos y pasantes de carreras afines. Otro aspecto a destacar durante esta etapa ha sido la capacitaci\u00f3n en&nbsp; torno al perfeccionamiento y especializaci\u00f3n de los&nbsp; agentes en tem\u00e1ticas vinculadas a sus desempe\u00f1os espec\u00edficos como as\u00ed tambi\u00e9n en problem\u00e1ticas&nbsp; transversales, como la Ley Micaela. Por \u00faltimo, es preciso se\u00f1alar la puesta en valor del trabajador, con la instauraci\u00f3n de un adicional espec\u00edfico en sus haberes, con un alcance a todo el personal de las distintas reparticiones y organismos dependientes.&nbsp;<\/p>\n\n\n\n<p><strong>Eventos anuales como espacios de formaci\u00f3n e impulso a las disciplinas<\/strong><\/p>\n\n\n\n<p>En todos los eventos llevados adelante se busc\u00f3 democratizar los bienes culturales, generando la participaci\u00f3n de la comunidad a trav\u00e9s del acceso gratuito y el contacto con producciones de las diversas disciplinas art\u00edsticas, a la vez que se ofreci\u00f3 un marco de intercambio entre los mismos artistas para compartir experiencias que redunden en el desarrollo de cada sector. Es por esto, que los eventos siempre contaron con espacios de formaci\u00f3n y debate para que, adem\u00e1s de la instancia de encuentro en s\u00ed misma, se refuercen los lazos entre los hacedores culturales en miras de su fortalecimiento. Se continuaron y consolidaron las propuestas existentes y se generaron nuevos eventos para brindar mayor reconocimiento a otras expresiones culturales. Entre los m\u00e1s destacados se pueden mencionar el Festival Internacional de Cine de Entre R\u00edos (FICER), el Encuentro Entrerriano de Teatro, la Noche De Los Museos Entrerrianos, el Simposio Internacional de Escultura Itinerante, la Feria del Centro, los Juegos Culturales Entrerrianos Evita, el Encuentro de Orquestas Infanto Juveniles, el Encuentro de Muralistas, entre muchos m\u00e1s detallados en el informe.\u00a0<\/p>\n\n\n\n<figure class=\"wp-block-image size-large\"><img loading=\"lazy\" decoding=\"async\" width=\"1024\" height=\"683\" src=\"https:\/\/www.entrerios.gov.ar\/cultura\/wp-content\/uploads\/2023\/12\/53230227368_bb3976e1ec_o-1-1024x683.jpg\" alt=\"\" class=\"wp-image-9737\" srcset=\"https:\/\/www.entrerios.gov.ar\/cultura\/wp-content\/uploads\/2023\/12\/53230227368_bb3976e1ec_o-1-980x653.jpg 980w, https:\/\/www.entrerios.gov.ar\/cultura\/wp-content\/uploads\/2023\/12\/53230227368_bb3976e1ec_o-1-480x320.jpg 480w\" sizes=\"auto, (min-width: 0px) and (max-width: 480px) 480px, (min-width: 481px) and (max-width: 980px) 980px, (min-width: 981px) 1024px, 100vw\" \/><\/figure>\n\n\n\n<p><strong>M\u00e1s de 20 organismos y \u00e1reas en articulaci\u00f3n con sectores art\u00edsticos y de la sociedad civil&nbsp;<\/strong><\/p>\n\n\n\n<p>Otro punto a destacar es el esfuerzo mancomunado con organismos e instituciones de las diferentes&nbsp; jurisdicciones ha sido un elemento clave para concretar diferentes acciones, al igual que el di\u00e1logo y la construcci\u00f3n conjunta con organizaciones de la sociedad civil. En su informe de trabajo la gesti\u00f3n saliente subraya que \u201ctrabajar intra e intersectorialmente ha fortalecido y potenciado el desarrollo de las pol\u00edticas p\u00fablicas para impulsar a los distintos actores del sector cultural, no s\u00f3lo en t\u00e9rminos productivos y econ\u00f3micos, sino tambi\u00e9n en su importancia simb\u00f3lica. En las pol\u00edticas de acci\u00f3n se llevaron adelante producciones conjuntas con organismos nacionales, regionales, provinciales, municipales, con personer\u00eda jur\u00eddica, con grupos no formalmente constituidos, y con colectivos culturales\u201d.&nbsp;<\/p>\n\n\n\n<figure class=\"wp-block-image size-full\"><img loading=\"lazy\" decoding=\"async\" width=\"1024\" height=\"682\" src=\"https:\/\/www.entrerios.gov.ar\/cultura\/wp-content\/uploads\/2023\/12\/ORGA_SERRANO.jpg\" alt=\"\" class=\"wp-image-9743\" srcset=\"https:\/\/www.entrerios.gov.ar\/cultura\/wp-content\/uploads\/2023\/12\/ORGA_SERRANO.jpg 1024w, https:\/\/www.entrerios.gov.ar\/cultura\/wp-content\/uploads\/2023\/12\/ORGA_SERRANO-980x653.jpg 980w, https:\/\/www.entrerios.gov.ar\/cultura\/wp-content\/uploads\/2023\/12\/ORGA_SERRANO-480x320.jpg 480w\" sizes=\"auto, (min-width: 0px) and (max-width: 480px) 480px, (min-width: 481px) and (max-width: 980px) 980px, (min-width: 981px) 1024px, 100vw\" \/><\/figure>\n\n\n\n<p><strong>Para DESCARGAR el informe ingresar a:<\/strong>&nbsp;<a href=\"http:\/\/bit.ly\/InformeCulturaER\" target=\"_blank\" rel=\"noreferrer noopener\">http:\/\/bit.ly\/InformeCulturaER<\/a><\/p>\n","protected":false},"excerpt":{"rendered":"<p>La secretaria de Cultura de Entre R\u00edos, Francisca D\u00b4Agostino present\u00f3 un exhaustivo informe sobre las tareas realizadas en la cartera desde diciembre del 2019. En el texto se enumeran y explican las iniciativas in\u00e9ditas y de continuidad impulsadas por la gesti\u00f3n. Se detallan tambi\u00e9n los programas y ejes de acci\u00f3n que atravesaron el trabajo de [&hellip;]<\/p>\n","protected":false},"author":5,"featured_media":9742,"comment_status":"open","ping_status":"open","sticky":false,"template":"","format":"standard","meta":{"_et_pb_use_builder":"off","_et_pb_old_content":"","_et_gb_content_width":"","footnotes":""},"categories":[1,28],"tags":[],"class_list":["post-9736","post","type-post","status-publish","format-standard","has-post-thumbnail","hentry","category-destacado","category-noticias"],"_links":{"self":[{"href":"https:\/\/www.entrerios.gov.ar\/cultura\/wp-json\/wp\/v2\/posts\/9736","targetHints":{"allow":["GET"]}}],"collection":[{"href":"https:\/\/www.entrerios.gov.ar\/cultura\/wp-json\/wp\/v2\/posts"}],"about":[{"href":"https:\/\/www.entrerios.gov.ar\/cultura\/wp-json\/wp\/v2\/types\/post"}],"author":[{"embeddable":true,"href":"https:\/\/www.entrerios.gov.ar\/cultura\/wp-json\/wp\/v2\/users\/5"}],"replies":[{"embeddable":true,"href":"https:\/\/www.entrerios.gov.ar\/cultura\/wp-json\/wp\/v2\/comments?post=9736"}],"version-history":[{"count":1,"href":"https:\/\/www.entrerios.gov.ar\/cultura\/wp-json\/wp\/v2\/posts\/9736\/revisions"}],"predecessor-version":[{"id":9747,"href":"https:\/\/www.entrerios.gov.ar\/cultura\/wp-json\/wp\/v2\/posts\/9736\/revisions\/9747"}],"wp:featuredmedia":[{"embeddable":true,"href":"https:\/\/www.entrerios.gov.ar\/cultura\/wp-json\/wp\/v2\/media\/9742"}],"wp:attachment":[{"href":"https:\/\/www.entrerios.gov.ar\/cultura\/wp-json\/wp\/v2\/media?parent=9736"}],"wp:term":[{"taxonomy":"category","embeddable":true,"href":"https:\/\/www.entrerios.gov.ar\/cultura\/wp-json\/wp\/v2\/categories?post=9736"},{"taxonomy":"post_tag","embeddable":true,"href":"https:\/\/www.entrerios.gov.ar\/cultura\/wp-json\/wp\/v2\/tags?post=9736"}],"curies":[{"name":"wp","href":"https:\/\/api.w.org\/{rel}","templated":true}]}}