{"id":9764,"date":"2024-01-09T17:50:53","date_gmt":"2024-01-09T17:50:53","guid":{"rendered":"https:\/\/www.entrerios.gov.ar\/cultura\/?p=9764"},"modified":"2024-01-09T17:50:55","modified_gmt":"2024-01-09T17:50:55","slug":"musica-danza-y-comunidad-se-congregan-para-una-nueva-edicion-del-festival-nacional-del-chamame","status":"publish","type":"post","link":"https:\/\/www.entrerios.gov.ar\/cultura\/musica-danza-y-comunidad-se-congregan-para-una-nueva-edicion-del-festival-nacional-del-chamame\/","title":{"rendered":"M\u00fasica, danza y comunidad se congregan para una nueva edici\u00f3n del Festival Nacional del Chamam\u00e9"},"content":{"rendered":"\n<p>La 49 edici\u00f3n del Festival Nacional del Chamam\u00e9 fue presentada esta ma\u00f1ana en la Sala Antequeda de Paran\u00e1. Autoridades y organizadores brindaron detalles del hecho cultural que se vivir\u00e1 en el mes de febrero en Federal. Hubo una presentaci\u00f3n art\u00edstica a cargo de embajadores federalenses del chamam\u00e9.&nbsp;<\/p>\n\n\n\n<p>Esta ma\u00f1ana se present\u00f3 el Festival que tendr\u00e1 lugar entre el 3 y el 11 de febrero, en la localidad de Federal. En conferencia de prensa ante periodistas invitados, autoridades gubernamentales y p\u00fablico en general, se brindaron detalles de un evento que convoca a miles de personas para disfrutar de un g\u00e9nero arraigado en el centro norte entrerriano con proyecci\u00f3n nacional.&nbsp;<\/p>\n\n\n\n<p>El Festival Nacional del Chamam\u00e9 es una de las festividades m\u00e1s aut\u00f3ctonas que acontece en la provincia. No s\u00f3lo se constituye como un festival musical, sino que se transforma en una experiencia regional, integradora, y que lleva adelante diferentes eventos en torno al escenario principal de m\u00fasica, donde se destacan pe\u00f1as folcl\u00f3ricas, bailantas populares, y tres noches de escenario mayor con exponentes de nuestra m\u00fasica provincial.&nbsp;<\/p>\n\n\n\n<p>La manera en la que se desarrolla el evento moviliza a toda la zona y genera una sinergia festiva que encarna buena parte del patrimonio cultural.&nbsp;<\/p>\n\n\n\n<figure class=\"wp-block-image\"><img loading=\"lazy\" decoding=\"async\" width=\"1600\" height=\"1067\" src=\"https:\/\/www.entrerios.gov.ar\/cultura\/wp-content\/uploads\/2024\/01\/image-1.jpeg\" alt=\"\" class=\"wp-image-9766\" srcset=\"https:\/\/www.entrerios.gov.ar\/cultura\/wp-content\/uploads\/2024\/01\/image-1.jpeg 1600w, https:\/\/www.entrerios.gov.ar\/cultura\/wp-content\/uploads\/2024\/01\/image-1-1280x854.jpeg 1280w, https:\/\/www.entrerios.gov.ar\/cultura\/wp-content\/uploads\/2024\/01\/image-1-980x654.jpeg 980w, https:\/\/www.entrerios.gov.ar\/cultura\/wp-content\/uploads\/2024\/01\/image-1-480x320.jpeg 480w\" sizes=\"auto, (min-width: 0px) and (max-width: 480px) 480px, (min-width: 481px) and (max-width: 980px) 980px, (min-width: 981px) and (max-width: 1280px) 1280px, (min-width: 1281px) 1600px, 100vw\" \/><\/figure>\n\n\n\n<p>Autoridades federalenses agradecieron la presencia de los medios de comunicaci\u00f3n, artistas y funcionarios municipales y provinciales. \u201cNos satisface enormemente decir que el nuestro es un festival popular y aut\u00e9ntico. Somos defensores del g\u00e9nero chamamecero en sus distintas vertientes. En Federal se realizan bailantas y pe\u00f1as totalmente gratuitas con la participaci\u00f3n de todos los artistas del g\u00e9nero chamamecero que quieran mostrar lo que saben hacer. Tambi\u00e9n tenemos las noches principales de fiesta\u201d, dijo Alicia Oviedo, intendenta de Federal.<\/p>\n\n\n\n<p>Para despedirse, dijo: \u201cEsperamos a toda la entrerrianada, pero tambi\u00e9n a la gente del litoral, y de todas las provincias.&nbsp; Los invitamos a celebrar la m\u00fasica y la danza. El chamam\u00e9 forma parte de nuestra vida\u201d.<\/p>\n\n\n\n<p>Al respecto, el secretario de Cultura de la Provincia, Fabi\u00e1n Reato -anfitri\u00f3n de la conferencia- destac\u00f3: \u201cEl Festival es una maravilla cultural entrerriana, una joya\u201d. El funcionario hizo referencia a la recomendaci\u00f3n del Gobernador de difundir y apoyar las fiestas que conservan el esp\u00edritu genuino con el cual nacieron. En ese sentido, Reato dijo que \u201cel Festival de Federal es un gran ejemplo de eso, en cuanto a su fidelidad, sus or\u00edgenes, y sus ra\u00edces. Son d\u00edas donde la m\u00fasica, la danza y el sentir entrerriano y litorale\u00f1o son protagonistas. Este Festival es un acontecimiento de toda una regi\u00f3n\u201d.&nbsp; El secretario estuvo acompa\u00f1ado por su equipo de colaboradores.<\/p>\n\n\n\n<p>Las autoridades municipales presentes fueron Lucas Noya, viceintendente; Flavio M\u00e1rquez, secretario de Cultura y Turismo; Agustina Gauna, directora de Cultura; Luc\u00eda Raffaelli directora de Turismo y concejales de distintos partidos.<\/p>\n\n\n\n<p><strong>Grilla de las noches de fiesta<\/strong><\/p>\n\n\n\n<p>Confirmada ya, d\u00eda por d\u00eda, la grilla de artistas se encuentra disponible para consultas en las redes sociales oficiales del Festival&nbsp;<strong>(@federalchamame)<\/strong>. As\u00ed lo anunci\u00f3 Marquez respondiendo a las preguntas de los medios de comunicaci\u00f3n.&nbsp;<\/p>\n\n\n\n<p>Los d\u00edas 9, 10 y 11 de febrero se realizar\u00e1 la fiesta mayor en el escenario Ernesto Montiel donde se presentar\u00e1n Monchito Merlo; Los del Guley\u00e1n, Juan Manuel Bilat, Antonio Tarrag\u00f3 Ros, \u201cPajarito\u201d Silvestri y su grupo La Enramada, Ra\u00fal Barboza, entre muchos otros y otras. Marquez adem\u00e1s inform\u00f3 que Roberto Romani volver\u00e1 a la conducci\u00f3n de la fiesta acompa\u00f1ando a Hugo G\u00f3mez, Santiago Rinaldi y Daiana Luna.<\/p>\n\n\n\n<p>Tambi\u00e9n tendr\u00e1n lugar una importante cantidad de bailantas nocturnas y populares en los d\u00edas previos.&nbsp;<\/p>\n\n\n\n<p>Los grupos de danza ser\u00e1n Pago Montielero, Los amores, Mar\u00eda del buen mate, Senderos de Tradici\u00f3n, El federal, y El talero.<\/p>\n\n\n\n<p><strong>Un breve paseo por la canci\u00f3n y la danza<\/strong><\/p>\n\n\n\n<p>Concluida la conferencia de prensa, se presentaron \u201cPajarito\u201d Silvestri, Tolato Trzuskot&nbsp; y Agustina Gauna, e interpretaron&nbsp;<em>La Calandria, Pedro canoero y Camino a las tres palmas<\/em>. La danza tambi\u00e9n estuvo presente de manos de Lucila Pasarella y Jordan Godoy, quienes integran el grupo El Hornerito.<\/p>\n\n\n\n<figure class=\"wp-block-image\"><img loading=\"lazy\" decoding=\"async\" width=\"1600\" height=\"1067\" src=\"https:\/\/www.entrerios.gov.ar\/cultura\/wp-content\/uploads\/2024\/01\/image-2.jpeg\" alt=\"\" class=\"wp-image-9767\" srcset=\"https:\/\/www.entrerios.gov.ar\/cultura\/wp-content\/uploads\/2024\/01\/image-2.jpeg 1600w, https:\/\/www.entrerios.gov.ar\/cultura\/wp-content\/uploads\/2024\/01\/image-2-1280x854.jpeg 1280w, https:\/\/www.entrerios.gov.ar\/cultura\/wp-content\/uploads\/2024\/01\/image-2-980x654.jpeg 980w, https:\/\/www.entrerios.gov.ar\/cultura\/wp-content\/uploads\/2024\/01\/image-2-480x320.jpeg 480w\" sizes=\"auto, (min-width: 0px) and (max-width: 480px) 480px, (min-width: 481px) and (max-width: 980px) 980px, (min-width: 981px) and (max-width: 1280px) 1280px, (min-width: 1281px) 1600px, 100vw\" \/><\/figure>\n\n\n\n<p><strong>El pago y la fiesta<\/strong><\/p>\n\n\n\n<p>\u201cEn febrero late a mil el coraz\u00f3n chamamecero\u201d, dijo Luis \u201cPajarito\u201d Silvestri bandoneonista, autor, compositor.<\/p>\n\n\n\n<p>\u201cYa estamos con toda la ansiedad que despierta el Festival. Como artistas tratamos de contar historias con versos y melod\u00edas para despertar el alma sensible del vecino que vive en el pueblo. Para mi es el Festival m\u00e1s importante del pa\u00eds y del mundo porque es un orgullo, por su gente, por su trabajo y por todos los m\u00fasicos que quieren estar. Cada vez que nos toca subir a un escenario afuera nombramos a Federal y sus historias, historias como la de Juancho Cantero, creemos que as\u00ed estamos sembrando historia y vivencia de un pueblo que se llama Federal\u201d.<\/p>\n\n\n\n<p>Luego de relatar el surgimiento del evento, el productor y locutor Santiago Rinaldi tambi\u00e9n subray\u00f3 que en Federal el Festival es cuesti\u00f3n de Estado. \u201cEsta es una fiesta genuina que surge de la gente. Las comisiones organizadoras est\u00e1n integradas por los vecinos adem\u00e1s de las autoridades institucionales, no es una idea comercial &#8211; sin menospreciar a lo comercial-, es una expresi\u00f3n cultural\u201d.<\/p>\n\n\n\n<p>\u201cEsta fiesta trasciende al mundo y viene gente de todo el pa\u00eds. Hace 24 a\u00f1os que desde el escenario saludamos&nbsp;<em>al<\/em>&nbsp;<em>pa\u00eds chamamecero<\/em>. Gracias a las autoridades que valoran eso, que es la esencia y la llama que posibilita que siga siendo&nbsp;<em>Federal y el chamam\u00e9<\/em>\u201d, concluy\u00f3 Rinaldi.<\/p>\n","protected":false},"excerpt":{"rendered":"<p>La 49 edici\u00f3n del Festival Nacional del Chamam\u00e9 fue presentada esta ma\u00f1ana en la Sala Antequeda de Paran\u00e1. Autoridades y organizadores brindaron detalles del hecho cultural que se vivir\u00e1 en el mes de febrero en Federal. Hubo una presentaci\u00f3n art\u00edstica a cargo de embajadores federalenses del chamam\u00e9.&nbsp; Esta ma\u00f1ana se present\u00f3 el Festival que tendr\u00e1 [&hellip;]<\/p>\n","protected":false},"author":5,"featured_media":9765,"comment_status":"open","ping_status":"open","sticky":false,"template":"","format":"standard","meta":{"_et_pb_use_builder":"off","_et_pb_old_content":"","_et_gb_content_width":"","footnotes":""},"categories":[1,28],"tags":[],"class_list":["post-9764","post","type-post","status-publish","format-standard","has-post-thumbnail","hentry","category-destacado","category-noticias"],"_links":{"self":[{"href":"https:\/\/www.entrerios.gov.ar\/cultura\/wp-json\/wp\/v2\/posts\/9764","targetHints":{"allow":["GET"]}}],"collection":[{"href":"https:\/\/www.entrerios.gov.ar\/cultura\/wp-json\/wp\/v2\/posts"}],"about":[{"href":"https:\/\/www.entrerios.gov.ar\/cultura\/wp-json\/wp\/v2\/types\/post"}],"author":[{"embeddable":true,"href":"https:\/\/www.entrerios.gov.ar\/cultura\/wp-json\/wp\/v2\/users\/5"}],"replies":[{"embeddable":true,"href":"https:\/\/www.entrerios.gov.ar\/cultura\/wp-json\/wp\/v2\/comments?post=9764"}],"version-history":[{"count":1,"href":"https:\/\/www.entrerios.gov.ar\/cultura\/wp-json\/wp\/v2\/posts\/9764\/revisions"}],"predecessor-version":[{"id":9768,"href":"https:\/\/www.entrerios.gov.ar\/cultura\/wp-json\/wp\/v2\/posts\/9764\/revisions\/9768"}],"wp:featuredmedia":[{"embeddable":true,"href":"https:\/\/www.entrerios.gov.ar\/cultura\/wp-json\/wp\/v2\/media\/9765"}],"wp:attachment":[{"href":"https:\/\/www.entrerios.gov.ar\/cultura\/wp-json\/wp\/v2\/media?parent=9764"}],"wp:term":[{"taxonomy":"category","embeddable":true,"href":"https:\/\/www.entrerios.gov.ar\/cultura\/wp-json\/wp\/v2\/categories?post=9764"},{"taxonomy":"post_tag","embeddable":true,"href":"https:\/\/www.entrerios.gov.ar\/cultura\/wp-json\/wp\/v2\/tags?post=9764"}],"curies":[{"name":"wp","href":"https:\/\/api.w.org\/{rel}","templated":true}]}}