{"id":9785,"date":"2024-01-10T14:30:55","date_gmt":"2024-01-10T14:30:55","guid":{"rendered":"https:\/\/www.entrerios.gov.ar\/cultura\/?p=9785"},"modified":"2024-01-10T14:30:56","modified_gmt":"2024-01-10T14:30:56","slug":"el-secretario-de-cultura-se-reunio-con-integrantes-del-movimiento-de-costa-a-costa","status":"publish","type":"post","link":"https:\/\/www.entrerios.gov.ar\/cultura\/el-secretario-de-cultura-se-reunio-con-integrantes-del-movimiento-de-costa-a-costa\/","title":{"rendered":"El secretario de Cultura se reuni\u00f3 con integrantes del movimiento De Costa a Costa"},"content":{"rendered":"\n<p>El secretario de Cultura de Entre R\u00edos, Fabi\u00e1n Reato, recibi\u00f3 a integrantes De Costa a Costa (DCAC), un movimiento que re\u00fane a hacedores culturales de distintas disciplinas que buscan analizar, revalorizar y difundir de manera colaborativa la m\u00fasica folcl\u00f3rica de la provincia.<\/p>\n\n\n\n<p>Cantores, compositores, m\u00fasicos, bailarines, fot\u00f3grafos, teatreros, difusores y gente entusiasta forman parte del grupo que se inici\u00f3 en 2012 en Concepci\u00f3n del Uruguay y que pronto se extendi\u00f3 a \u201clo largo de Entre R\u00edos, de costa a costa\u201d. En base a intereses e inquietudes comunes, los integrantes comenzaron a \u201cdelinear un mapa musical para seguir conociendo, aprendiendo y disfrutando de la m\u00fasica entrerriana\u201d, informa la p\u00e1gina <a href=\"http:\/\/www.decostaacosta.com.ar\">www.decostaacosta.com.ar<\/a><\/p>\n\n\n\n<p>La visita tuvo el objetivo de tomar contacto con la nueva gesti\u00f3n de la Secretar\u00eda de Cultura, al tiempo que los integrantes dieron detalles de las actividades del grupo, principalmente de dos encuentros previstos para este a\u00f1o, de relevancia para el movimiento multicultural. Uno se realizar\u00e1 en Concepci\u00f3n del Uruguay, en febrero, y el otro encuentro, en Paran\u00e1, en julio. Las propuestas se desarrollar\u00e1n durante tres d\u00edas en cada una de las ciudades y consistir\u00e1n en talleres de formaci\u00f3n y sendos festivales. Adem\u00e1s de estas actividades puntuales, el grupo brinda charlas, talleres&nbsp; y capacitaciones en pueblos de la provincia, se transcriben temas populares y del cancionero entrerriano a partituras para su estudio y difusi\u00f3n y se confecciona un Archivo Musical de Folclore Entrerriano.<\/p>\n\n\n\n<p>Fabi\u00e1n Reato destac\u00f3 el valor de la obra realizada por De Costa a Costa y alent\u00f3 a continuar con el encuentro, rescate y difusi\u00f3n de tan valioso patrimonio entrerriano.<\/p>\n\n\n\n<p>Entre las premisas que definen al movimiento, se menciona la de imbuirse en el folclore entrerriano y los g\u00e9neros m\u00e1s caracter\u00edsticos (la milonga, el chamam\u00e9, la chamarrita, tanguito montielero), reconocer y difundir a los pioneros del cancionero y a los poetas de la provincia, retomar el mejor camino de la tradici\u00f3n y conocer \u201cnuestra literatura, nuestra naturaleza y nuestra historia, pensando nuestro espacio geogr\u00e1fico de manera cr\u00edtica y anal\u00edtica, para imaginar nuestra canci\u00f3n y el futuro\u201d.<\/p>\n\n\n\n<p>Participaron de la reuni\u00f3n Soledad Casta\u00f1ares, Lautaro Alarc\u00f3n, Maru Figueroa, Jos\u00e9 Bulos y Chela Mart\u00ednez integrantes de DCAC.<\/p>\n","protected":false},"excerpt":{"rendered":"<p>El secretario de Cultura de Entre R\u00edos, Fabi\u00e1n Reato, recibi\u00f3 a integrantes De Costa a Costa (DCAC), un movimiento que re\u00fane a hacedores culturales de distintas disciplinas que buscan analizar, revalorizar y difundir de manera colaborativa la m\u00fasica folcl\u00f3rica de la provincia. Cantores, compositores, m\u00fasicos, bailarines, fot\u00f3grafos, teatreros, difusores y gente entusiasta forman parte del [&hellip;]<\/p>\n","protected":false},"author":5,"featured_media":9786,"comment_status":"open","ping_status":"open","sticky":false,"template":"","format":"standard","meta":{"_et_pb_use_builder":"off","_et_pb_old_content":"","_et_gb_content_width":"","footnotes":""},"categories":[1,28],"tags":[],"class_list":["post-9785","post","type-post","status-publish","format-standard","has-post-thumbnail","hentry","category-destacado","category-noticias"],"_links":{"self":[{"href":"https:\/\/www.entrerios.gov.ar\/cultura\/wp-json\/wp\/v2\/posts\/9785","targetHints":{"allow":["GET"]}}],"collection":[{"href":"https:\/\/www.entrerios.gov.ar\/cultura\/wp-json\/wp\/v2\/posts"}],"about":[{"href":"https:\/\/www.entrerios.gov.ar\/cultura\/wp-json\/wp\/v2\/types\/post"}],"author":[{"embeddable":true,"href":"https:\/\/www.entrerios.gov.ar\/cultura\/wp-json\/wp\/v2\/users\/5"}],"replies":[{"embeddable":true,"href":"https:\/\/www.entrerios.gov.ar\/cultura\/wp-json\/wp\/v2\/comments?post=9785"}],"version-history":[{"count":1,"href":"https:\/\/www.entrerios.gov.ar\/cultura\/wp-json\/wp\/v2\/posts\/9785\/revisions"}],"predecessor-version":[{"id":9787,"href":"https:\/\/www.entrerios.gov.ar\/cultura\/wp-json\/wp\/v2\/posts\/9785\/revisions\/9787"}],"wp:featuredmedia":[{"embeddable":true,"href":"https:\/\/www.entrerios.gov.ar\/cultura\/wp-json\/wp\/v2\/media\/9786"}],"wp:attachment":[{"href":"https:\/\/www.entrerios.gov.ar\/cultura\/wp-json\/wp\/v2\/media?parent=9785"}],"wp:term":[{"taxonomy":"category","embeddable":true,"href":"https:\/\/www.entrerios.gov.ar\/cultura\/wp-json\/wp\/v2\/categories?post=9785"},{"taxonomy":"post_tag","embeddable":true,"href":"https:\/\/www.entrerios.gov.ar\/cultura\/wp-json\/wp\/v2\/tags?post=9785"}],"curies":[{"name":"wp","href":"https:\/\/api.w.org\/{rel}","templated":true}]}}