{"id":9800,"date":"2024-01-11T22:13:55","date_gmt":"2024-01-11T22:13:55","guid":{"rendered":"https:\/\/www.entrerios.gov.ar\/cultura\/?p=9800"},"modified":"2024-01-11T22:13:56","modified_gmt":"2024-01-11T22:13:56","slug":"las-fiestas-populares-entrerrianas-previstas-para-enero-y-febrero-se-presentaron-en-la-capital-provincial","status":"publish","type":"post","link":"https:\/\/www.entrerios.gov.ar\/cultura\/las-fiestas-populares-entrerrianas-previstas-para-enero-y-febrero-se-presentaron-en-la-capital-provincial\/","title":{"rendered":"Las fiestas populares entrerrianas previstas para enero y febrero se presentaron en la capital provincial"},"content":{"rendered":"\n<p>La Sala Antequeda de Paran\u00e1 fue el escenario de un nuevo lanzamiento de las fiestas populares entrerrianas. Se trata de eventos que se celebrar\u00e1n en San Jos\u00e9, Crespo, Urdinarrain y Hasenkamp.<\/p>\n\n\n\n<p>En la ma\u00f1ana de hoy, el secretario de Cultura de Entre R\u00edos, Fabi\u00e1n Reato, y el secretario de Turismo provincial, Jorge Satto, se presentaron ante los medios junto a organizadores de la Fiesta Provincial del Campamentista de San Jos\u00e9, la Fiesta Provincial de la Cerveza de Crespo, la Fiesta Provincial del Caballo de Urdinarrain y de los Carnavales de Hasenkamp para anunciar detalles.&nbsp;<\/p>\n\n\n\n<p>\u201cEs un placer ofrecer la disponibilidad de estos lugares dependientes de la Secretar\u00eda de Cultura, concibi\u00e9ndolos como espacios abiertos a todos los entrerrianos y especialmente a los municipios para divulgar las tan importantes fiestas populares\u201d, dijo Reato al referirse a la Sala Antequeda, ubicada en la capital entrerriana. En relaci\u00f3n a la articulaci\u00f3n de acciones entre Turismo y Cultura, el funcionario provincial dijo \u201cno existen fronteras para trabajar. Las fiestas son valores y un acervo cultural de nuestro pueblo y, al mismo tiempo, pueden ser ofrecidas y desarrolladas econ\u00f3micamente para las localidades y la regi\u00f3n. Son motores de fomento, de trabajo\u201d.<\/p>\n\n\n\n<p>A su turno, Jorge Satto valor\u00f3 positivamente la decisi\u00f3n entre ambas carteras de establecer un <em>espacio de presentaci\u00f3n de las fiestas populares entrerrianas<\/em> pensado espec\u00edficamente para dialogar con la prensa. Dijo tambi\u00e9n que el formato de lanzamiento que agrupa distintas fiestas pone el foco en el valor de las mismas expuesto a la comunidad en boca de sus protagonistas. Adem\u00e1s se difunde el contenido conceptual de cada fiesta, la grilla y los detalles de las mismas. \u201cQuiero agradecer especialmente a todos los sectores que han venido, a los trabajadores de la hoteler\u00eda, de la gastronom\u00eda y a los profesionales del turismo. De esta manera, queremos propiciar y potenciar much\u00edsimo m\u00e1s el turismo entrerriano\u201d, enfatiz\u00f3 Satto<\/p>\n\n\n\n<figure class=\"wp-block-image size-large\"><img loading=\"lazy\" decoding=\"async\" width=\"1024\" height=\"683\" src=\"https:\/\/www.entrerios.gov.ar\/cultura\/wp-content\/uploads\/2024\/01\/FotoCulturaER-29-1024x683.jpg\" alt=\"\" class=\"wp-image-9803\" srcset=\"https:\/\/www.entrerios.gov.ar\/cultura\/wp-content\/uploads\/2024\/01\/FotoCulturaER-29-980x653.jpg 980w, https:\/\/www.entrerios.gov.ar\/cultura\/wp-content\/uploads\/2024\/01\/FotoCulturaER-29-480x320.jpg 480w\" sizes=\"auto, (min-width: 0px) and (max-width: 480px) 480px, (min-width: 481px) and (max-width: 980px) 980px, (min-width: 981px) 1024px, 100vw\" \/><\/figure>\n\n\n\n<p><strong>Pr\u00f3ximamente en San Jos\u00e9 y con entrada gratuita<\/strong><\/p>\n\n\n\n<p>La secretaria de Turismo y Desarrollo Humano de San Jos\u00e9, Anabella Lubo, fue la encargada de presentar la edici\u00f3n de la Fiesta del Campamentista que se llevar\u00e1 adelante del viernes 12, s\u00e1bado 13 y domingo 14 de enero venideros, en el Predio Multieventos.<\/p>\n\n\n\n<p>\u201cEs un encuentro que ya lleva m\u00e1s de 40 a\u00f1os. La idea de la fiesta es revivir el encuentro y el campamento como parte de la tradici\u00f3n ribere\u00f1a de nuestra ciudad\u201d, expres\u00f3 Lubo.&nbsp;<\/p>\n\n\n\n<p>La secretaria adelant\u00f3 tambi\u00e9n que se desarrollar\u00e1n n\u00fameros art\u00edsticos de talla regional, nacional, y de distintos g\u00e9neros musicales. Las actividades diurnas se complementar\u00e1n con los espect\u00e1culos, juegos, deportes y recreaciones. Exposiciones sobre la tem\u00e1tica del camping y la vida al aire libre ser\u00e1 otro de los atractivos. Habr\u00e1 tambi\u00e9n artesan\u00edas y emprendimientos.&nbsp;<\/p>\n\n\n\n<p>@TurismoSanJos\u00e9 (IG y FB) es el sitio donde puede consultarse y ampliar los detalles de la fiesta.&nbsp;<\/p>\n\n\n\n<p><strong>Crespo de fiesta<\/strong><\/p>\n\n\n\n<p>El presidente del Club Atl\u00e9tico Uni\u00f3n de Crespo, Walter Garc\u00eda, tom\u00f3 la palabra para contar c\u00f3mo se desarrollan los preparativos de la Fiesta Provincial de la Cerveza 2024. La misma se llevar\u00e1 a cabo el pr\u00f3ximo s\u00e1bado 20 de enero, a partir de las 21 hs, en las instalaciones del Estadio Mundialista \u201c25 de Agosto\u201d.&nbsp;<\/p>\n\n\n\n<p>\u201cCrespo es una ciudad hermosa y los invitamos a todos para que nos acompa\u00f1en. \u00c9sta ser\u00e1 la edici\u00f3n n\u00famero 51\u201d, record\u00f3 Garc\u00eda.<\/p>\n\n\n\n<p>En las redes sociales del club se anuncia la presentaci\u00f3n de los conjuntos musicales: Maravillas Alemanas, Bandita Edelweiss, Brisas Inmigrantes, Pont a bailar, Amantes Inocentes y Germ\u00e1n Vega y la onda.&nbsp;<\/p>\n\n\n\n<p>Para ampliar la informaci\u00f3n ingresar a @uniondecrespo o <a href=\"http:\/\/www.clubuniondecrespo.com\">www.clubuniondecrespo.com<\/a><\/p>\n\n\n\n<p><strong>Hasenkamp, m\u00e1s de cuatro d\u00e9cadas de aut\u00e9ntica celebraci\u00f3n del carnaval<\/strong><\/p>\n\n\n\n<p>Los carnavales de Hasenkamp comenzar\u00e1n el 13 de enero, y se extender\u00e1n hasta el 11 de febrero. As\u00ed lo adelant\u00f3 Luz Cortez, coordinadora del \u00c1rea de Cultura y Turismo de la Municipalidad de Hasenkamp<\/p>\n\n\n\n<p>Cortez resalt\u00f3: \u201cVenimos a presentar nuestro carnaval y estamos convencidos de que es el mejor de la costa del Paran\u00e1. Es muy particular por sus canciones, su historia y su gran arraigo en la identidad cultural. Nos estamos preparando para recibir a los visitantes. Van a ver un gran espect\u00e1culo de producci\u00f3n\u201d.&nbsp;<\/p>\n\n\n\n<p>La edici\u00f3n 2024 contar\u00e1 con seis noches de s\u00e1bado: 13, 20 y 27 de enero, continuando 3, 10, y 11 de febrero. El espect\u00e1culo comienza a las 22:30 en el cors\u00f3dromo municipal.&nbsp;<\/p>\n\n\n\n<p>En primer lugar, brindar\u00e1 su show la comparsa Malib\u00fa que este a\u00f1o cumple 50 a\u00f1os de historia y su recorrido por la pasarela promete un espect\u00e1culo cargado de emoci\u00f3n. Luego lo har\u00e1 Marumb\u00e1, que se presentar\u00e1 con la tem\u00e1tica \u201cMarumb\u00e1 Imperial\u201d. Para finalizar, actuar\u00e1 \u201cLa Caravana\u201d, de la ciudad de Santa Elena.<\/p>\n\n\n\n<p>Toda la informaci\u00f3n y las entradas se pueden adquirir a trav\u00e9s de la p\u00e1gina web oficial <a href=\"http:\/\/www.carnavaleshasenkamp.com.ar\">www.carnavaleshasenkamp.com.ar<\/a>&nbsp;<\/p>\n\n\n\n<p>@carnavalesdehasenkamp (IG y FB)<\/p>\n\n\n\n<p><strong>Fiesta del caballo, una nueva edici\u00f3n&nbsp;<\/strong><\/p>\n\n\n\n<p>Marcelo Heidenreich, presidente de la asociaci\u00f3n Cooperadoras Escolares de Urdinarrain, fue el \u00faltimo en tomar la&nbsp; palabra para desarrollar sobre la gran fiesta que se vivir\u00e1 del 24 al 27 de enero en el Polideportivo Municipal.<\/p>\n\n\n\n<p>\u201cVamos a tener un tradicional desfile de caballos, carrera de riendas y jineteada. Invitamos a todos a participar de la fiesta. Todo lo recaudado va a las escuelas\u201d, explic\u00f3 Heidenreich.<\/p>\n\n\n\n<p>Tal como lo detallaron sus organizadores, la nueva edici\u00f3n tendr\u00e1 un centenar de agrupaciones tradicionalistas en un imponente desfile a caballo por las calles de la ciudad y la actuaci\u00f3n de grandes artistas de la m\u00fasica y la danza durante las cuatro noches.&nbsp;<\/p>\n\n\n\n<p>Las consultas sobre los precios de las entradas y la grilla de espect\u00e1culos ingresando a&nbsp;<\/p>\n\n\n\n<p><a href=\"http:\/\/fiestadelcaballoer.com.ar\/\">http:\/\/fiestadelcaballoer.com.ar\/<\/a> y @fiestadelcaballo (FB)<\/p>\n\n\n\n<p><strong>Acompa\u00f1amiento institucional<\/strong><\/p>\n\n\n\n<p>Estuvieron tambi\u00e9n presentes en la reuni\u00f3n&nbsp;importantes actores del sistema tur\u00edstico entrerriano: Juan Manuel Acedo, presidente de la C\u00e1mara Entrerriana de Turismo; Silvio Farach, presidente de la Federaci\u00f3n Econ\u00f3mica de Entre R\u00edos; Oscar Basa, presidente de la Asociaci\u00f3n Santafesina y Entrerriana de Agencias de Viajes y Turismo; Jos\u00e9 Trlin Carelli, secretario general de la Uni\u00f3n de Trabajadores del Turismo, Hoteleros y Gastron\u00f3micos de la Rep\u00fablica Argentina (UTHGRA) seccional Paran\u00e1; Lina Pereyra, presidenta del Colegio de Profesionales en Turismo de Entre R\u00edos; Leandro Lapiduz, coordinador regional del NEA Litoral de la Federaci\u00f3n Empresaria Hotelera Gastron\u00f3mica Argentina; y Daniela Folmer,&nbsp; viceintendenta de Hasenkamp.<\/p>\n","protected":false},"excerpt":{"rendered":"<p>La Sala Antequeda de Paran\u00e1 fue el escenario de un nuevo lanzamiento de las fiestas populares entrerrianas. Se trata de eventos que se celebrar\u00e1n en San Jos\u00e9, Crespo, Urdinarrain y Hasenkamp. En la ma\u00f1ana de hoy, el secretario de Cultura de Entre R\u00edos, Fabi\u00e1n Reato, y el secretario de Turismo provincial, Jorge Satto, se presentaron [&hellip;]<\/p>\n","protected":false},"author":5,"featured_media":9802,"comment_status":"open","ping_status":"open","sticky":false,"template":"","format":"standard","meta":{"_et_pb_use_builder":"off","_et_pb_old_content":"","_et_gb_content_width":"","footnotes":""},"categories":[1,28],"tags":[],"class_list":["post-9800","post","type-post","status-publish","format-standard","has-post-thumbnail","hentry","category-destacado","category-noticias"],"_links":{"self":[{"href":"https:\/\/www.entrerios.gov.ar\/cultura\/wp-json\/wp\/v2\/posts\/9800","targetHints":{"allow":["GET"]}}],"collection":[{"href":"https:\/\/www.entrerios.gov.ar\/cultura\/wp-json\/wp\/v2\/posts"}],"about":[{"href":"https:\/\/www.entrerios.gov.ar\/cultura\/wp-json\/wp\/v2\/types\/post"}],"author":[{"embeddable":true,"href":"https:\/\/www.entrerios.gov.ar\/cultura\/wp-json\/wp\/v2\/users\/5"}],"replies":[{"embeddable":true,"href":"https:\/\/www.entrerios.gov.ar\/cultura\/wp-json\/wp\/v2\/comments?post=9800"}],"version-history":[{"count":2,"href":"https:\/\/www.entrerios.gov.ar\/cultura\/wp-json\/wp\/v2\/posts\/9800\/revisions"}],"predecessor-version":[{"id":9804,"href":"https:\/\/www.entrerios.gov.ar\/cultura\/wp-json\/wp\/v2\/posts\/9800\/revisions\/9804"}],"wp:featuredmedia":[{"embeddable":true,"href":"https:\/\/www.entrerios.gov.ar\/cultura\/wp-json\/wp\/v2\/media\/9802"}],"wp:attachment":[{"href":"https:\/\/www.entrerios.gov.ar\/cultura\/wp-json\/wp\/v2\/media?parent=9800"}],"wp:term":[{"taxonomy":"category","embeddable":true,"href":"https:\/\/www.entrerios.gov.ar\/cultura\/wp-json\/wp\/v2\/categories?post=9800"},{"taxonomy":"post_tag","embeddable":true,"href":"https:\/\/www.entrerios.gov.ar\/cultura\/wp-json\/wp\/v2\/tags?post=9800"}],"curies":[{"name":"wp","href":"https:\/\/api.w.org\/{rel}","templated":true}]}}