{"id":9821,"date":"2024-01-15T15:55:55","date_gmt":"2024-01-15T15:55:55","guid":{"rendered":"https:\/\/www.entrerios.gov.ar\/cultura\/?p=9821"},"modified":"2024-01-15T15:55:57","modified_gmt":"2024-01-15T15:55:57","slug":"la-comunidad-de-concepcion-del-uruguay-recordo-con-un-homenaje-artistico-a-hector-ferrari","status":"publish","type":"post","link":"https:\/\/www.entrerios.gov.ar\/cultura\/la-comunidad-de-concepcion-del-uruguay-recordo-con-un-homenaje-artistico-a-hector-ferrari\/","title":{"rendered":"La comunidad de Concepci\u00f3n del Uruguay record\u00f3 con un homenaje art\u00edstico a H\u00e9ctor Ferrari"},"content":{"rendered":"\n<p>En distintos sitios hist\u00f3ricos y emblem\u00e1ticos de la ciudad de Concepci\u00f3n del Uruguay se llev\u00f3 a cabo una puesta esc\u00e9nica en homenaje al actor, dramaturgo y director teatral, quien falleci\u00f3 recientemente a sus 84 a\u00f1os. En representaci\u00f3n de la Secretar\u00eda de Cultura de la Provincia, particip\u00f3 del homenaje Juan Carlos Meillard.<\/p>\n\n\n\n<p>La actividad tuvo lugar el s\u00e1bado 13 de enero por la noche, con una nueva edici\u00f3n de las Escenificaciones Teatrales de la Villa de la Concepci\u00f3n. Las diferentes escenas se desarrollaron en el Colegio Superior del Uruguay, Museo \u201cAndr\u00e9s Garc\u00eda\u201d, Museo \u201cDelio Panizza\u201d y Plaza Ram\u00edrez, y contaron con un extenso y experimentado elenco. Escenificaciones Teatrales de la Villa es el ciclo teatral que ya lleva siete ediciones, y que Ferrari hab\u00eda ideado, escrito y dirigido en los \u00faltimos a\u00f1os; por esta raz\u00f3n su elenco celebr\u00f3 una funci\u00f3n muy especial en homenaje a su maestro.&nbsp;<\/p>\n\n\n\n<p>La actividad fue organizada por la Municipalidad de Concepci\u00f3n del Uruguay, a trav\u00e9s de la Secretar\u00eda de Turismo, Cultura y Deportes.<\/p>\n\n\n\n<p><strong>Historia y legado&nbsp;<\/strong><\/p>\n\n\n\n<p>H\u00e9ctor Ferrari fue un gran artista y creador incansable de las tablas uruguayenses.&nbsp;<\/p>\n\n\n\n<p>\u201cHab\u00eda nacido en Concepci\u00f3n del Uruguay el 14 de noviembre de 1939, y el amor por las tablas hab\u00eda llegado a \u00e9l antes de cumplir los 20 a\u00f1os: sus inicios en la actuaci\u00f3n se remontaban al a\u00f1o 1958, con el padre Alberto Paoli, un sacerdote apasionado por el teatro que impuls\u00f3 la actividad durante d\u00e9cadas. H\u00e9ctor emigr\u00f3 luego a Buenos Aires, donde trabaj\u00f3 en la vieja Radio El Mundo, actuando con luminarias del radioteatro como Susy Kent, Mario de Rosas, Guido Gorgatti y Carmen Vallejos. Tambi\u00e9n fue extra de cine y trabaj\u00f3 como actor en el Canal 7 de la capital\u201d, seg\u00fan el semanario El Mi\u00e9rcoles.&nbsp;<\/p>\n\n\n\n<p>Al regresar a Uruguay, particip\u00f3 del legendario \u201cGrupo 69\u201d, con Enrique De Michele, Eugenia Orlegui y Osvaldo Neyra, entre otros, y en 1978 inici\u00f3 su carrera como director de teatro, con la obra \u201cLos Templos\u201d, de la escritora uruguayense Elba de los Santos. Fue un apasionado del&nbsp; teatro criollo -dirigi\u00f3 aut\u00e9nticos cl\u00e1sicos rioplatenses como \u201cJuan Moreyra\u201d, o \u201cEl conventillo de la Paloma\u201d, de Alberto Vacarezza-&nbsp; y fue director de Cultura de la Municipalidad de Concepci\u00f3n del Uruguay desde 1995 hasta 1998.<\/p>\n\n\n\n<p><em>\u201cEl teatro me dio la posibilidad de ser muchas personas a la vez. He sido un ejecutivo, un m\u00e9dico, un pordiosero. El hombre odioso, malo, de \u2018Filomena Marturano\u2019. El homosexual de \u2018Convivencia\u2019. El m\u00fasico fracasado de \u2018St\u00e9fano\u2019, el esposo torturado de \u2018La valija\u2019. El teatro me dio la posibilidad de crecer, de tener una personalidad, de sentirme seguro. El teatro es la vida misma\u201d<\/em>, hab\u00eda expresado Ferrari en el libro de Quichino De Michele sobre el Grupo 69.<\/p>\n\n\n\n<figure class=\"wp-block-image\"><img decoding=\"async\" src=\"https:\/\/lh7-us.googleusercontent.com\/DoSvOSbiTb8mrrwT1850aYBNE6nR4jhOVtalIa_p3whj53LLOPArvp5UhyB1cfLS9pzeKDTrDIuI9LyaVitPXIne--y5y5ISVKJ96iz5FOcK3g8TI84JKMiy2x444rKsVATOMRvvy0sf6v1Sd7X6v5I\" alt=\"\"\/><\/figure>\n\n\n\n<p class=\"has-text-align-center\"><em>Foto: Guillermo Prat (@guillepratphoto)&nbsp;<\/em><\/p>\n\n\n\n<p>El martes 2 de enero H\u00e9ctor Ferrari dej\u00f3 este plano f\u00edsico, pero parti\u00f3 dejando un gran legado para las y los teatristas entrerrianos.&nbsp;<\/p>\n\n\n\n<p><em>Fuentes en esta nota: Noticias de La Calle y El Mi\u00e9rcoles Digital.<\/em><\/p>\n\n\n\n<p><strong>Nuevas funciones para agendar<\/strong><\/p>\n\n\n\n<p>Cabe destacar que Escenificaciones Teatrales de la Villa de la Concepci\u00f3n se llevar\u00e1 adelante todos los s\u00e1bados de enero y febrero, en el casco c\u00e9ntrico de la ciudad. El acceso es libre y gratuito, y la obra est\u00e1 destinada a todo p\u00fablico.<\/p>\n\n\n\n<p>La puesta recrea la riqueza hist\u00f3rica de Concepci\u00f3n del Uruguay, con figuras como Justo Jos\u00e9 de Urquiza, Francisco Ram\u00edrez, Arturo Frondizi y Teresa Ratto, entre otros.<\/p>\n\n\n\n<p>La primera se desarrolla en el Colegio Superior del Uruguay. Luego, el segundo Cap\u00edtulo, en el Museo \u201cAndr\u00e9s Garc\u00eda\u201d, ubicado en el patio de la Casa de Urquiza. La tercera escena se lleva a cabo en el patio del Museo \u201cDelio Panizza\u201d con su culminaci\u00f3n en Plaza Ram\u00edrez. Adem\u00e1s de los actores y actrices, el elenco cuenta con vestuaristas, maquilladores y sonidistas uruguayenses.<\/p>\n","protected":false},"excerpt":{"rendered":"<p>En distintos sitios hist\u00f3ricos y emblem\u00e1ticos de la ciudad de Concepci\u00f3n del Uruguay se llev\u00f3 a cabo una puesta esc\u00e9nica en homenaje al actor, dramaturgo y director teatral, quien falleci\u00f3 recientemente a sus 84 a\u00f1os. En representaci\u00f3n de la Secretar\u00eda de Cultura de la Provincia, particip\u00f3 del homenaje Juan Carlos Meillard. La actividad tuvo lugar [&hellip;]<\/p>\n","protected":false},"author":5,"featured_media":9822,"comment_status":"open","ping_status":"open","sticky":false,"template":"","format":"standard","meta":{"_et_pb_use_builder":"off","_et_pb_old_content":"","_et_gb_content_width":"","footnotes":""},"categories":[1,28],"tags":[],"class_list":["post-9821","post","type-post","status-publish","format-standard","has-post-thumbnail","hentry","category-destacado","category-noticias"],"_links":{"self":[{"href":"https:\/\/www.entrerios.gov.ar\/cultura\/wp-json\/wp\/v2\/posts\/9821","targetHints":{"allow":["GET"]}}],"collection":[{"href":"https:\/\/www.entrerios.gov.ar\/cultura\/wp-json\/wp\/v2\/posts"}],"about":[{"href":"https:\/\/www.entrerios.gov.ar\/cultura\/wp-json\/wp\/v2\/types\/post"}],"author":[{"embeddable":true,"href":"https:\/\/www.entrerios.gov.ar\/cultura\/wp-json\/wp\/v2\/users\/5"}],"replies":[{"embeddable":true,"href":"https:\/\/www.entrerios.gov.ar\/cultura\/wp-json\/wp\/v2\/comments?post=9821"}],"version-history":[{"count":1,"href":"https:\/\/www.entrerios.gov.ar\/cultura\/wp-json\/wp\/v2\/posts\/9821\/revisions"}],"predecessor-version":[{"id":9823,"href":"https:\/\/www.entrerios.gov.ar\/cultura\/wp-json\/wp\/v2\/posts\/9821\/revisions\/9823"}],"wp:featuredmedia":[{"embeddable":true,"href":"https:\/\/www.entrerios.gov.ar\/cultura\/wp-json\/wp\/v2\/media\/9822"}],"wp:attachment":[{"href":"https:\/\/www.entrerios.gov.ar\/cultura\/wp-json\/wp\/v2\/media?parent=9821"}],"wp:term":[{"taxonomy":"category","embeddable":true,"href":"https:\/\/www.entrerios.gov.ar\/cultura\/wp-json\/wp\/v2\/categories?post=9821"},{"taxonomy":"post_tag","embeddable":true,"href":"https:\/\/www.entrerios.gov.ar\/cultura\/wp-json\/wp\/v2\/tags?post=9821"}],"curies":[{"name":"wp","href":"https:\/\/api.w.org\/{rel}","templated":true}]}}