{"id":9824,"date":"2024-01-15T19:23:08","date_gmt":"2024-01-15T19:23:08","guid":{"rendered":"https:\/\/www.entrerios.gov.ar\/cultura\/?p=9824"},"modified":"2024-01-16T15:23:39","modified_gmt":"2024-01-16T15:23:39","slug":"febrero-en-nogoya-seis-noches-a-puro-carnaval-popular","status":"publish","type":"post","link":"https:\/\/www.entrerios.gov.ar\/cultura\/febrero-en-nogoya-seis-noches-a-puro-carnaval-popular\/","title":{"rendered":"Febrero en Nogoy\u00e1: seis noches a puro carnaval popular"},"content":{"rendered":"\n<p>Con la presencia de la vicegobernadora de Entre R\u00edos, Alicia Aluani y el intendente de Nogoy\u00e1, Bernardo Schneider, se presentaron esta ma\u00f1ana oficialmente los carnavales de esa localidad. La Secretar\u00eda de Cultura de la provincia fue anfitriona del encuentro informativo en la Sala Antequeda.<\/p>\n\n\n\n<p>Los tres primeros fines de semana de febrero los protagonistas se preparan para vivir una nueva edici\u00f3n de las fiestas de carnaval en Nogoy\u00e1. Para contar sobre la iniciativa se organiz\u00f3 un encuentro con la prensa en la capital provincial a la que asistieron distintos funcionarios municipales y provinciales.<\/p>\n\n\n\n<p>El secretario de Cultura de Entre R\u00edos, Fab\u00edan Reato, en calidad de anfitri\u00f3n del encuentro, puso \u00e9nfasis en la disposici\u00f3n de la Sala Antaqueda, perteneciente al organismo, para este tipo de anuncios y destac\u00f3 el sentido de estas festividades. \u201cEl carnaval es una de las expresiones m\u00e1s aut\u00e9nticas de la alegr\u00eda y la cultura provincial. El caso de Nogoy\u00e1 trae una de las propuestas m\u00e1s interesantes de la provincia por ser una expresi\u00f3n popular y por su ubicaci\u00f3n geogr\u00e1fica\u201d, afirm\u00f3.&nbsp;<\/p>\n\n\n\n<p>Seguidamente, subray\u00f3 que \u201cel carnaval entrerriano ha configurado una identidad propia que le da relevancia a nivel nacional. Considero que una de las particularidades m\u00e1s importantes es que (los carnavales) son expresi\u00f3n de las personas de nuestros pueblos. En cada localidad se vive con mucha pasi\u00f3n y entusiasmo\u201d.<\/p>\n\n\n\n<p>Por su parte, la vicegobernadora Alicia Aluani expres\u00f3 su compromiso con el turismo y la cultura local: \u201cDesde el Gobierno provincial estamos comprometidos a respaldar todos los eventos populares y representaciones que forman parte de nuestra tradici\u00f3n&#8221;.&nbsp;<\/p>\n\n\n\n<p>En esa l\u00ednea, destac\u00f3 la labor del Municipio y los ciudadanos de Nogoy\u00e1, se\u00f1alando que \u201cdetr\u00e1s hay familias apoyando desde el principio y cantidades de grupos de personas que hacen posible este evento\u201d.<\/p>\n\n\n\n<p>Adem\u00e1s, Aluani subray\u00f3 que la presentaci\u00f3n y difusi\u00f3n de estos eventos son \u00fatiles para que los entrerrianos y turistas \u201csepan que Nogoy\u00e1 tambi\u00e9n quiere expresarse en estas festividades populares\u201d.<\/p>\n\n\n\n<p>El intendente de Nogoy\u00e1, Bernardo Schneider, cont\u00f3 que 3, 4,10,11, 17 y 18 de febrero ser\u00e1n las noches de festejos de carnaval en Nogoy\u00e1. \u201cEn esta oportunidad hemos cambiado la matriz de organizaci\u00f3n, nos hemos propuesto en conjunto con los carnavaleros -que son los verdaderos actores de los carnavales-, trabajar de manera tal de disminuir riesgos y achicar gastos. Agradecemos a los protagonistas que gracias a su pasi\u00f3n se han sumado\u201d. Entusiasmo, participaci\u00f3n y energ\u00eda fueron las palabras utilizadas por el funcionario municipal para definir el clima en los preparativos de la fiesta.&nbsp;<\/p>\n\n\n\n<figure class=\"wp-block-image\"><img decoding=\"async\" src=\"https:\/\/lh7-us.googleusercontent.com\/2ydeGBUm4CqyMpYNkwdnsrBo-mNnns4qnnoBArXl6ULw2nCz44rVfcXmHO8cc2lTcurJmURLuVxg_Dnv0IGsHTcQNIY1G6C5dvJS4bMq2mJG6QNSHzArcEtMSiauc-z9-DY84_qxKdc2I0aHWTwVvRk\" alt=\"\"\/><\/figure>\n\n\n\n<p>Rafael Cavagna, senador por el departamento Nogoy\u00e1 destac\u00f3 el precio accesible de las entradas a los carnavales y agreg\u00f3: \u201cEntendemos que a\u00f1o a a\u00f1o vamos creciendo gracias a los hacedores. Esta es una oportunidad para el centro de la provincia de Entre R\u00edos en el mes de febrero, donde lo popular a la hora de poder generar turismo de eventos es fundamental. Los invitamos a todos a participar\u201d.&nbsp;<\/p>\n\n\n\n<p>Karina Clementin coordinadora de Turismo, Cultura y Educaci\u00f3n de Nogoy\u00e1 a su turno tambi\u00e9n valor\u00f3 la matriz popular. \u201cContaremos con tres comparsas, algunas con mucha trayectoria. El color y el brillo se re\u00fanen con batucadas, bater\u00edas, carrozas art\u00edsticas y desfiles de egresados de la ciudad\u201d, dijo la funcionaria municipal.<\/p>\n\n\n\n<p>Adem\u00e1s de quienes tomaron la palabra tambi\u00e9n acompa\u00f1aron: Eduardo Quinodoz, Secretario de Gobierno Hacienda y Relaciones Institucionales; Manuel Sch\u00f6nhals, presidente del Instituto Aut\u00e1rquico Provincial de la Vivienda (IAPV); Mariano Berdi\u00f1as, titular del Instituto Aut\u00e1rquico Becario Provincial (Inaubepro); y Melisa Acevedo, Coordinadora de Desarrollo Social de la Nogoy\u00e1, y Juan Carlos Meillard, integrante del equipo de la Secretar\u00eda de Cultura.&nbsp;<\/p>\n\n\n\n<p>El evento se llevar\u00e1 a cabo el 3, 4, 10, 11, 17, 18 de febrero en el montado circuito de Boulevard Sarmiento de Nogoy\u00e1.<\/p>\n\n\n\n<p><strong>M\u00e1s informaci\u00f3n: <\/strong><a href=\"https:\/\/www.facebook.com\/GCNGY\/?locale=es_LA\"><strong>https:\/\/www.facebook.com\/GCNGY\/?locale=es_LA<\/strong><\/a><\/p>\n\n\n\n<p><strong>Sitio web:<\/strong> <a href=\"https:\/\/nuevo.nogoya.gob.ar\/noticias\/\">https:\/\/nuevo.nogoya.gob.ar\/noticias\/<\/a><\/p>\n","protected":false},"excerpt":{"rendered":"<p>Con la presencia de la vicegobernadora de Entre R\u00edos, Alicia Aluani y el intendente de Nogoy\u00e1, Bernardo Schneider, se presentaron esta ma\u00f1ana oficialmente los carnavales de esa localidad. La Secretar\u00eda de Cultura de la provincia fue anfitriona del encuentro informativo en la Sala Antequeda. Los tres primeros fines de semana de febrero los protagonistas se [&hellip;]<\/p>\n","protected":false},"author":5,"featured_media":9825,"comment_status":"open","ping_status":"open","sticky":false,"template":"","format":"standard","meta":{"_et_pb_use_builder":"off","_et_pb_old_content":"","_et_gb_content_width":"","footnotes":""},"categories":[1,28],"tags":[],"class_list":["post-9824","post","type-post","status-publish","format-standard","has-post-thumbnail","hentry","category-destacado","category-noticias"],"_links":{"self":[{"href":"https:\/\/www.entrerios.gov.ar\/cultura\/wp-json\/wp\/v2\/posts\/9824","targetHints":{"allow":["GET"]}}],"collection":[{"href":"https:\/\/www.entrerios.gov.ar\/cultura\/wp-json\/wp\/v2\/posts"}],"about":[{"href":"https:\/\/www.entrerios.gov.ar\/cultura\/wp-json\/wp\/v2\/types\/post"}],"author":[{"embeddable":true,"href":"https:\/\/www.entrerios.gov.ar\/cultura\/wp-json\/wp\/v2\/users\/5"}],"replies":[{"embeddable":true,"href":"https:\/\/www.entrerios.gov.ar\/cultura\/wp-json\/wp\/v2\/comments?post=9824"}],"version-history":[{"count":2,"href":"https:\/\/www.entrerios.gov.ar\/cultura\/wp-json\/wp\/v2\/posts\/9824\/revisions"}],"predecessor-version":[{"id":9827,"href":"https:\/\/www.entrerios.gov.ar\/cultura\/wp-json\/wp\/v2\/posts\/9824\/revisions\/9827"}],"wp:featuredmedia":[{"embeddable":true,"href":"https:\/\/www.entrerios.gov.ar\/cultura\/wp-json\/wp\/v2\/media\/9825"}],"wp:attachment":[{"href":"https:\/\/www.entrerios.gov.ar\/cultura\/wp-json\/wp\/v2\/media?parent=9824"}],"wp:term":[{"taxonomy":"category","embeddable":true,"href":"https:\/\/www.entrerios.gov.ar\/cultura\/wp-json\/wp\/v2\/categories?post=9824"},{"taxonomy":"post_tag","embeddable":true,"href":"https:\/\/www.entrerios.gov.ar\/cultura\/wp-json\/wp\/v2\/tags?post=9824"}],"curies":[{"name":"wp","href":"https:\/\/api.w.org\/{rel}","templated":true}]}}