{"id":9866,"date":"2024-01-25T18:09:03","date_gmt":"2024-01-25T18:09:03","guid":{"rendered":"https:\/\/www.entrerios.gov.ar\/cultura\/?p=9866"},"modified":"2024-01-25T18:41:12","modified_gmt":"2024-01-25T18:41:12","slug":"con-una-delegacion-de-artistas-se-presentaron-oficialmente-las-fiestas-populares-de-san-jose-de-feliciano","status":"publish","type":"post","link":"https:\/\/www.entrerios.gov.ar\/cultura\/con-una-delegacion-de-artistas-se-presentaron-oficialmente-las-fiestas-populares-de-san-jose-de-feliciano\/","title":{"rendered":"Con una delegaci\u00f3n de artistas se presentaron oficialmente las fiestas populares de San Jos\u00e9 de Feliciano"},"content":{"rendered":"\n<p>En la Sala Manuel Antequeda de Paran\u00e1 se reunieron esta ma\u00f1ana organizadores y funcionarios de Feliciano para promocionar e impulsar los carnavales y la Fiesta Provincial del Ternero. La Secretar\u00eda de Cultura, dependiente del Ministerio de Desarrollo Humano del Gobierno de Entre R\u00edos, fue anfitriona y reforz\u00f3 la invitaci\u00f3n a toda la comunidad.&nbsp;<\/p>\n\n\n\n<p>Fabi\u00e1n Reato, secretario de Cultura de la Provincia, dijo que es objetivo de la gesti\u00f3n recibir y difundir las fiestas populares de los municipios.\u00a0 \u201cEst\u00e1s fiestas tienen que ver con nuestra identidad entrerriana\u201d, afirm\u00f3. Sobre las propuestas de Feliciano, puso \u00e9nfasis en su diversidad y valor. \u201cHoy se acercaron con una delegaci\u00f3n numerosa de artistas y organizadores. Las propuestas son muy ricas y variadas\u201d.<\/p>\n\n\n\n<p><strong>Carnavales<\/strong><\/p>\n\n\n\n<p>Este s\u00e1bado 27 de enero dar\u00e1n comienzo los carnavales en Feliciano; y se extender\u00e1n a los s\u00e1bados 3 y 10 de febrero; y el domingo 11. As\u00ed lo comunic\u00f3 Rodolfo Moreno, presidente de la Comisi\u00f3n Municipal de Carnavales. \u201cDespu\u00e9s de seis a\u00f1os que no se hac\u00edan (los corsos) hoy estamos en esta presentaci\u00f3n oficial. Fue un objetivo muy claro que Feliciano vuelva a tener carnavales y vuelva a brillar en el norte entrerriano como atractivo de la zona. Siempre tuvimos muy buen nivel y quer\u00edamos apuntar a lo mismo. Este a\u00f1o est\u00e1n participando dos comparsas Marabu e Ivoti Pora, y otros grupos de baile\u201d dijo.&nbsp;<\/p>\n\n\n\n<p>Moreno tambi\u00e9n anunci\u00f3 que las agrupaciones se desplegar\u00e1n por la calle Belgrano de la ciudad; y que el costo de las entradas ser\u00e1 de $1000 para ni\u00f1os y $2500 las generales en puerta. Tambi\u00e9n se vender\u00e1n anticipadas que se pueden adquirir en los talleres de cada comparsa y con integrantes de la comisi\u00f3n. \u201cEsperamos a todos los entrerrianos\u201d, finaliz\u00f3 Moreno.<\/p>\n\n\n\n<p>Sandra Gauna, secretaria de la comparsa Marabu, cont\u00f3 c\u00f3mo se viven los preparativos de la familia carnavalera. \u201cEstamos a full trabajando en los talleres hasta altas horas para poder llegar con lo que queremos mostrar este a\u00f1o. Estamos trabajando muy bien en una escuela. Los chicos est\u00e1n armando sus espaldares y tambi\u00e9n hay mucha gente que colabora. Tenemos un hermoso grupo (unos 60 bailarines y&nbsp; 58 batuqueros). Despu\u00e9s de seis a\u00f1os vuelven los carnavales a Feliciano y estamos cumpliendo 50 a\u00f1os. Estoy orgullosa de ser parte\u201d, finaliz\u00f3 emocionada.<\/p>\n\n\n\n<figure class=\"wp-block-image\"><img loading=\"lazy\" decoding=\"async\" width=\"1600\" height=\"1067\" src=\"https:\/\/www.entrerios.gov.ar\/cultura\/wp-content\/uploads\/2024\/01\/image-8.jpeg\" alt=\"\" class=\"wp-image-9868\" srcset=\"https:\/\/www.entrerios.gov.ar\/cultura\/wp-content\/uploads\/2024\/01\/image-8.jpeg 1600w, https:\/\/www.entrerios.gov.ar\/cultura\/wp-content\/uploads\/2024\/01\/image-8-1280x854.jpeg 1280w, https:\/\/www.entrerios.gov.ar\/cultura\/wp-content\/uploads\/2024\/01\/image-8-980x654.jpeg 980w, https:\/\/www.entrerios.gov.ar\/cultura\/wp-content\/uploads\/2024\/01\/image-8-480x320.jpeg 480w\" sizes=\"auto, (min-width: 0px) and (max-width: 480px) 480px, (min-width: 481px) and (max-width: 980px) 980px, (min-width: 981px) and (max-width: 1280px) 1280px, (min-width: 1281px) 1600px, 100vw\" \/><\/figure>\n\n\n\n<p><strong>Fiesta Provincial del Ternero en sus bodas de oro&nbsp;<\/strong><\/p>\n\n\n\n<p>Desde la nueva comisi\u00f3n confirmaron que la Fiesta del Ternero Entrerriano se desarrollar\u00e1 los d\u00edas 7, 8, 9 y 10 de marzo.<\/p>\n\n\n\n<p>Como representante de la comunidad en el escenario, el locutor Rodolfo Bernardini se refiri\u00f3 a la expectativa que genera la actividad. \u201cEsta fiesta es tradici\u00f3n, patria, cultura y todo lo que nos representa y nos identifica\u201d,&nbsp; apunt\u00f3. Junto a los periodistas,&nbsp; repas\u00f3 la cartelera regional y local de m\u00fasicos invitados que reunir\u00e1 -entre otros- a Monchito Merlo; Juan Manuel Bilat, Coty Hern\u00e1ndez, Tolato Tr\u00edo y Sergio Galleguillo. Bernardini cont\u00f3 adem\u00e1s que el d\u00eda viernes la entrada ser\u00e1 gratuita.&nbsp;<\/p>\n\n\n\n<p>A su turno, el subsecretario de Cultura de la Municipalidad de Feliciano y director del ballet de la fiesta, Elbio Vargas, brind\u00f3 detalles de la organizaci\u00f3n art\u00edstica. \u201cEste a\u00f1o, al ser una ocasi\u00f3n especial haremos un cuadro de danza argumental que se llama<em>&nbsp;La cruz de Chalo, leyenda de L\u00e1zaro Blanco&nbsp;<\/em>porque es una leyenda de nuestra zona. Queremos darle un tinte muy art\u00edstico, vamos a usar t\u00edteres, teatro de sombras y soporte de videos. Con el ballet ahora estamos trabajando la parte coreogr\u00e1fica que es la m\u00e1s dif\u00edcil. Con un taller de adultos vamos a trabajar la idea de la procesi\u00f3n y de la bailanta. Con esta leyenda tradicional de nuestra zona queremos dejar como mensaje la esperanza que podemos depositar en nuestro chasqui milagrero\u201d.<\/p>\n\n\n\n<figure class=\"wp-block-image\"><img loading=\"lazy\" decoding=\"async\" width=\"1600\" height=\"1032\" src=\"https:\/\/www.entrerios.gov.ar\/cultura\/wp-content\/uploads\/2024\/01\/image-9.jpeg\" alt=\"\" class=\"wp-image-9869\" srcset=\"https:\/\/www.entrerios.gov.ar\/cultura\/wp-content\/uploads\/2024\/01\/image-9.jpeg 1600w, https:\/\/www.entrerios.gov.ar\/cultura\/wp-content\/uploads\/2024\/01\/image-9-1280x826.jpeg 1280w, https:\/\/www.entrerios.gov.ar\/cultura\/wp-content\/uploads\/2024\/01\/image-9-980x632.jpeg 980w, https:\/\/www.entrerios.gov.ar\/cultura\/wp-content\/uploads\/2024\/01\/image-9-480x310.jpeg 480w\" sizes=\"auto, (min-width: 0px) and (max-width: 480px) 480px, (min-width: 481px) and (max-width: 980px) 980px, (min-width: 981px) and (max-width: 1280px) 1280px, (min-width: 1281px) 1600px, 100vw\" \/><\/figure>\n\n\n\n<p>Sobre otras actividades y propuesta de la fiesta, Vargas enumer\u00f3 que durante esos d\u00edas estar\u00e1n disponibles lugares de visita como el santuario de L\u00e1zaro Blanco, el paseo tur\u00edstico &#8220;Huella de Belgrano&#8221;, el parque San Jos\u00e9 y las pe\u00f1as que se organizan en la Casa de la Cultura del Bicentenario. Habr\u00e1 adem\u00e1s una feria artesanal y una muestra fotogr\u00e1fica que recorrer\u00e1 los 50 a\u00f1os de la Fiesta Provincial del Ternero. Un paseo de compras estar\u00e1 disponible en el predio de la fiesta con oferta de emprendimientos y artesan\u00edas regionales. Alrededor de la plaza principal unos 30 fogones tradicionalistas acondicionados por familias estar\u00e1n instalados para compartir comidas t\u00edpicas. La tradicional jineteada se realizar\u00e1 en un campo cercano, mientras que el paseo de las agrupaciones tradicionalistas ser\u00e1 uno de los d\u00edas de la fiesta junto con la elecci\u00f3n de la pareja de embajadores culturales.&nbsp;<\/p>\n\n\n\n<p><strong>Cierre a puro ritmo<\/strong><\/p>\n\n\n\n<p>Luego de la conversaci\u00f3n con los medios de comunicaci\u00f3n se presentaron en la sala la batucada de la comparsa Marab\u00fa con 15 integrantes y dos pasistas, quienes arrancaron aplausos entre los presentes. Seguidamente, parejas de baile del Ballet \u00d1e-\u00e1 tambi\u00e9n deleitaron a los presentes. Finalmente los m\u00fasicos Jonat\u00e1n Pesoa y Alejandro Ver\u00f3n compartieron un repertorio chamamecero.&nbsp;<\/p>\n\n\n\n<p>M\u00e1s informaci\u00f3n en:&nbsp;<a href=\"https:\/\/www.facebook.com\/fiestaprovincialdelternero.entrerriano?locale=es_LA\" target=\"_blank\" rel=\"noreferrer noopener\">https:\/\/www.facebook.com\/fiestaprovincialdelternero.entrerriano?locale=es_LA<\/a><\/p>\n\n\n\n<p><a href=\"https:\/\/www.facebook.com\/profile.php?id=61552933306915&amp;locale=es_LA\">https:\/\/www.facebook.com\/profile.php?id=61552933306915&amp;locale=es_LA<\/a><\/p>\n","protected":false},"excerpt":{"rendered":"<p>En la Sala Manuel Antequeda de Paran\u00e1 se reunieron esta ma\u00f1ana organizadores y funcionarios de Feliciano para promocionar e impulsar los carnavales y la Fiesta Provincial del Ternero. La Secretar\u00eda de Cultura, dependiente del Ministerio de Desarrollo Humano del Gobierno de Entre R\u00edos, fue anfitriona y reforz\u00f3 la invitaci\u00f3n a toda la comunidad.&nbsp; Fabi\u00e1n Reato, [&hellip;]<\/p>\n","protected":false},"author":5,"featured_media":9867,"comment_status":"open","ping_status":"open","sticky":false,"template":"","format":"standard","meta":{"_et_pb_use_builder":"off","_et_pb_old_content":"","_et_gb_content_width":"","footnotes":""},"categories":[1,28],"tags":[],"class_list":["post-9866","post","type-post","status-publish","format-standard","has-post-thumbnail","hentry","category-destacado","category-noticias"],"_links":{"self":[{"href":"https:\/\/www.entrerios.gov.ar\/cultura\/wp-json\/wp\/v2\/posts\/9866","targetHints":{"allow":["GET"]}}],"collection":[{"href":"https:\/\/www.entrerios.gov.ar\/cultura\/wp-json\/wp\/v2\/posts"}],"about":[{"href":"https:\/\/www.entrerios.gov.ar\/cultura\/wp-json\/wp\/v2\/types\/post"}],"author":[{"embeddable":true,"href":"https:\/\/www.entrerios.gov.ar\/cultura\/wp-json\/wp\/v2\/users\/5"}],"replies":[{"embeddable":true,"href":"https:\/\/www.entrerios.gov.ar\/cultura\/wp-json\/wp\/v2\/comments?post=9866"}],"version-history":[{"count":2,"href":"https:\/\/www.entrerios.gov.ar\/cultura\/wp-json\/wp\/v2\/posts\/9866\/revisions"}],"predecessor-version":[{"id":9871,"href":"https:\/\/www.entrerios.gov.ar\/cultura\/wp-json\/wp\/v2\/posts\/9866\/revisions\/9871"}],"wp:featuredmedia":[{"embeddable":true,"href":"https:\/\/www.entrerios.gov.ar\/cultura\/wp-json\/wp\/v2\/media\/9867"}],"wp:attachment":[{"href":"https:\/\/www.entrerios.gov.ar\/cultura\/wp-json\/wp\/v2\/media?parent=9866"}],"wp:term":[{"taxonomy":"category","embeddable":true,"href":"https:\/\/www.entrerios.gov.ar\/cultura\/wp-json\/wp\/v2\/categories?post=9866"},{"taxonomy":"post_tag","embeddable":true,"href":"https:\/\/www.entrerios.gov.ar\/cultura\/wp-json\/wp\/v2\/tags?post=9866"}],"curies":[{"name":"wp","href":"https:\/\/api.w.org\/{rel}","templated":true}]}}