{"id":9876,"date":"2024-01-27T15:33:14","date_gmt":"2024-01-27T15:33:14","guid":{"rendered":"https:\/\/www.entrerios.gov.ar\/cultura\/?p=9876"},"modified":"2024-01-31T13:00:56","modified_gmt":"2024-01-31T13:00:56","slug":"con-el-espacio-colmado-de-publico-empezo-el-cine-ambiental-en-el-museo-de-bellas-artes","status":"publish","type":"post","link":"https:\/\/www.entrerios.gov.ar\/cultura\/con-el-espacio-colmado-de-publico-empezo-el-cine-ambiental-en-el-museo-de-bellas-artes\/","title":{"rendered":"Con el espacio colmado de p\u00fablico, empez\u00f3 el cine ambiental en el Museo de Bellas Artes\u00a0"},"content":{"rendered":"\n<p>Al aire libre, en una noche espl\u00e9ndida de verano y con la capacidad completa, comenz\u00f3 este viernes el ciclo de Cine Ambiental, EcoCinema. El patio espacioso, rodeado de \u00e1rboles y obras, del Museo Provincial de Bellas Artes&nbsp;&nbsp;&#8220;Dr. Pedro E. Mart\u00ednez&#8221; fue el lugar elegido para ubicar la pantalla y el p\u00fablico, que pronto colm\u00f3 el espacio.<\/p>\n\n\n\n<p>Este primer encuentro -de una serie que se repetir\u00e1n los viernes hasta el 23 de febrero en el mismo lugar, en calle Buenos Aires 355, a las 20.30 horas-, fue una invitaci\u00f3n abierta a la comunidad y una oportunidad para que los asistentes recorrieran, previamente, las salas y las obras que alberga el museo.&nbsp;<\/p>\n\n\n\n<p>La actividad se enmarc\u00f3 en el D\u00eda de la Educaci\u00f3n Ambiental, fecha que se celebr\u00f3 este viernes, y obtuvo el acompa\u00f1amiento del p\u00fablico. \u201cMe encanta la propuesta, de compromiso con el cuidado del medio ambiente, y me gusta mucho que el lugar de encuentro sea este museo maravilloso\u201d, opin\u00f3 Luis, quien junto a su pareja estaba en pleno recorrido de las salas. Tambi\u00e9n Micaela, quien concurri\u00f3 con una amiga, calific\u00f3 de \u201cexcelente idea\u201d&nbsp; la invitaci\u00f3n y \u201cla posibilidad de conocer detalles de los arroyos que surcan la ciudad y de escuchar buena m\u00fasica\u201d.&nbsp;<\/p>\n\n\n\n<p>Estuvieron presentes el secretario de Cultura, Fabi\u00e1n Reato, y su par de Ambiente,<strong>&nbsp;<\/strong>Rosa&nbsp;Hojman. Ambas secretar\u00edas dependientes del gobierno provincial organizan la actividad con la colaboraci\u00f3n de organizaciones de la ciudad. En la apertura, el secretario de Cultura dio la bienvenida a los presentes, destac\u00f3 la importancia de poder ofrecer a la comunidad este ciclo de cine relacionado a crear conciencia ambiental, al tiempo que remarc\u00f3 que \u201ces una oportunidad para tambi\u00e9n disfrutar de las obras de arte y de este patio maravilloso\u201d, convertido en sala de cine.&nbsp;<\/p>\n\n\n\n<figure class=\"wp-block-image\"><img loading=\"lazy\" decoding=\"async\" width=\"1600\" height=\"1067\" src=\"https:\/\/www.entrerios.gov.ar\/cultura\/wp-content\/uploads\/2024\/01\/image-10.jpeg\" alt=\"\" class=\"wp-image-9878\" srcset=\"https:\/\/www.entrerios.gov.ar\/cultura\/wp-content\/uploads\/2024\/01\/image-10.jpeg 1600w, https:\/\/www.entrerios.gov.ar\/cultura\/wp-content\/uploads\/2024\/01\/image-10-1280x854.jpeg 1280w, https:\/\/www.entrerios.gov.ar\/cultura\/wp-content\/uploads\/2024\/01\/image-10-980x654.jpeg 980w, https:\/\/www.entrerios.gov.ar\/cultura\/wp-content\/uploads\/2024\/01\/image-10-480x320.jpeg 480w\" sizes=\"auto, (min-width: 0px) and (max-width: 480px) 480px, (min-width: 481px) and (max-width: 980px) 980px, (min-width: 981px) and (max-width: 1280px) 1280px, (min-width: 1281px) 1600px, 100vw\" \/><\/figure>\n\n\n\n<p>Rosa Hojman, por su parte, destac\u00f3 el hecho de haber podido organizar de manera conjunta con Cultura el ciclo y de buscar nuevas formas de difundir, de generar conciencia y trabajar con las cuestiones ambientales para multiplicar el compromiso por el cuidado y conservaci\u00f3n entre los ciudadanos de la provincia. Tambi\u00e9n participaron Roc\u00edo Rezett, Directora General Administrativa y de Espacios Culturales, y Maximiliano G\u00f3mez, Director General de Ambiente y Cambio Clim\u00e1tico.&nbsp;&nbsp;<\/p>\n\n\n\n<p>A continuaci\u00f3n, las luces se apagaron y comenz\u00f3 a proyectarse&nbsp;\u201cEl agua insiste\u201d,&nbsp;que abarca cinco cortometrajes&nbsp;sobre las cuencas urbanas y las particularidades de los arroyos que atraviesan a la ciudad de Paran\u00e1. La producci\u00f3n, que muestra con crudeza y en base a testimonios de vecinos, de especialistas y referentes de organizaciones civiles la situaci\u00f3n de los arroyos, fue realizada por la Fundaci\u00f3n Cauce: Cultura Ambiental &#8211; Causa Ecologista.&nbsp;&nbsp;<\/p>\n\n\n\n<p>Seguidamente, se desarroll\u00f3 una intervenci\u00f3n art\u00edstica a cargo de Evocaci\u00f3n Litoral. La propuesta integr\u00f3 la canci\u00f3n con im\u00e1genes y la palabra, buscando acercar al espectador al cuidado e importancia que tiene la naturaleza para el desarrollo de la vida. Participaron Ale Ciancio, Agustina Monz\u00f3n y Alicia Guerreiro de la Unidad de Vinculaci\u00f3n Ecologista (UVE).<\/p>\n\n\n\n<figure class=\"wp-block-image\"><img loading=\"lazy\" decoding=\"async\" width=\"1600\" height=\"1067\" src=\"https:\/\/www.entrerios.gov.ar\/cultura\/wp-content\/uploads\/2024\/01\/image-11.jpeg\" alt=\"\" class=\"wp-image-9879\" srcset=\"https:\/\/www.entrerios.gov.ar\/cultura\/wp-content\/uploads\/2024\/01\/image-11.jpeg 1600w, https:\/\/www.entrerios.gov.ar\/cultura\/wp-content\/uploads\/2024\/01\/image-11-1280x854.jpeg 1280w, https:\/\/www.entrerios.gov.ar\/cultura\/wp-content\/uploads\/2024\/01\/image-11-980x654.jpeg 980w, https:\/\/www.entrerios.gov.ar\/cultura\/wp-content\/uploads\/2024\/01\/image-11-480x320.jpeg 480w\" sizes=\"auto, (min-width: 0px) and (max-width: 480px) 480px, (min-width: 481px) and (max-width: 980px) 980px, (min-width: 981px) and (max-width: 1280px) 1280px, (min-width: 1281px) 1600px, 100vw\" \/><\/figure>\n\n\n\n<p>A la par de las presentaciones, hubo un stand Educaci\u00f3n 360, una iniciativa educativa para promover el cuidado del ambiente desde una visi\u00f3n integral y una propuesta de juegos para ni\u00f1os y ni\u00f1as. El abordaje parte desde la educaci\u00f3n emocional, alimentaria-nutricional y ambiental. La actividad estuvo a cargo de Hacemos Verde y cont\u00f3 con el aporte de material educativo del programa de Educaci\u00f3n Ambiental del Consejo General de Educaci\u00f3n (CGE).<\/p>\n\n\n\n<p>Cabe destacar que la grilla de programaci\u00f3n y curadur\u00eda est\u00e1 a cargo del Instituto Audiovisual de Entre R\u00edos (IAER), que propone una programaci\u00f3n de las mejores pel\u00edculas y cortos nacionales y extranjeros, con mensajes de impacto positivo en la calidad de vida de la sociedad.&nbsp;<\/p>\n\n\n\n<figure class=\"wp-block-image\"><img decoding=\"async\" src=\"https:\/\/mail.google.com\/mail\/u\/1?ui=2&amp;ik=ac7f2e9e47&amp;attid=0.0.1&amp;permmsgid=msg-a:r-4873308713001806021&amp;th=18d4b8bd87892940&amp;view=fimg&amp;fur=ip&amp;sz=s0-l75-ft&amp;attbid=ANGjdJ9Ml-wXCAeVEifWtBYtWlqf3ilb0wBLutOPJUXJB1JVNVy_Z2dniW2PLGZ3tA_90Ag0PV8mBN3HX1mVUYVNn_n8PUoR_NQ25QzTCdf06H4cCE01bvnYLqVRS7g&amp;disp=emb&amp;realattid=ii_lrw899x90\" alt=\"FotoCulturaER-50.jpg\"\/><\/figure>\n","protected":false},"excerpt":{"rendered":"<p>Al aire libre, en una noche espl\u00e9ndida de verano y con la capacidad completa, comenz\u00f3 este viernes el ciclo de Cine Ambiental, EcoCinema. El patio espacioso, rodeado de \u00e1rboles y obras, del Museo Provincial de Bellas Artes&nbsp;&nbsp;&#8220;Dr. Pedro E. Mart\u00ednez&#8221; fue el lugar elegido para ubicar la pantalla y el p\u00fablico, que pronto colm\u00f3 el [&hellip;]<\/p>\n","protected":false},"author":5,"featured_media":9877,"comment_status":"open","ping_status":"open","sticky":false,"template":"","format":"standard","meta":{"_et_pb_use_builder":"off","_et_pb_old_content":"","_et_gb_content_width":"","footnotes":""},"categories":[1,28,4,9],"tags":[],"class_list":["post-9876","post","type-post","status-publish","format-standard","has-post-thumbnail","hentry","category-destacado","category-noticias","category-iaaer","category-museo-bellas-artes"],"_links":{"self":[{"href":"https:\/\/www.entrerios.gov.ar\/cultura\/wp-json\/wp\/v2\/posts\/9876","targetHints":{"allow":["GET"]}}],"collection":[{"href":"https:\/\/www.entrerios.gov.ar\/cultura\/wp-json\/wp\/v2\/posts"}],"about":[{"href":"https:\/\/www.entrerios.gov.ar\/cultura\/wp-json\/wp\/v2\/types\/post"}],"author":[{"embeddable":true,"href":"https:\/\/www.entrerios.gov.ar\/cultura\/wp-json\/wp\/v2\/users\/5"}],"replies":[{"embeddable":true,"href":"https:\/\/www.entrerios.gov.ar\/cultura\/wp-json\/wp\/v2\/comments?post=9876"}],"version-history":[{"count":1,"href":"https:\/\/www.entrerios.gov.ar\/cultura\/wp-json\/wp\/v2\/posts\/9876\/revisions"}],"predecessor-version":[{"id":9880,"href":"https:\/\/www.entrerios.gov.ar\/cultura\/wp-json\/wp\/v2\/posts\/9876\/revisions\/9880"}],"wp:featuredmedia":[{"embeddable":true,"href":"https:\/\/www.entrerios.gov.ar\/cultura\/wp-json\/wp\/v2\/media\/9877"}],"wp:attachment":[{"href":"https:\/\/www.entrerios.gov.ar\/cultura\/wp-json\/wp\/v2\/media?parent=9876"}],"wp:term":[{"taxonomy":"category","embeddable":true,"href":"https:\/\/www.entrerios.gov.ar\/cultura\/wp-json\/wp\/v2\/categories?post=9876"},{"taxonomy":"post_tag","embeddable":true,"href":"https:\/\/www.entrerios.gov.ar\/cultura\/wp-json\/wp\/v2\/tags?post=9876"}],"curies":[{"name":"wp","href":"https:\/\/api.w.org\/{rel}","templated":true}]}}