{"id":9881,"date":"2024-01-28T10:02:00","date_gmt":"2024-01-28T10:02:00","guid":{"rendered":"https:\/\/www.entrerios.gov.ar\/cultura\/?p=9881"},"modified":"2024-01-27T17:04:25","modified_gmt":"2024-01-27T17:04:25","slug":"la-provincia-restituira-a-chaco-dos-meteoritos-que-mantiene-en-custodia-en-el-museo-provincial-antonio-serrano","status":"publish","type":"post","link":"https:\/\/www.entrerios.gov.ar\/cultura\/la-provincia-restituira-a-chaco-dos-meteoritos-que-mantiene-en-custodia-en-el-museo-provincial-antonio-serrano\/","title":{"rendered":"La Provincia restituir\u00e1 a Chaco dos meteoritos que mantiene en custodia en el Museo Provincial Antonio Serrano"},"content":{"rendered":"\n<p><em>En 2007 fueron secuestrados por Gendarmer\u00eda cuando eran trasladados ilegalmente. Pesan m\u00e1s de 2000 kilos. La restituci\u00f3n a su lugar de origen fue acordada por el gobernador de Entre R\u00edos, Rogelio Frigerio, con su par chaque\u00f1o, Leandro Zdero.&nbsp; El secretario de Cultura, Fabi\u00e1n Reato, invita a la comunidad a visitar y disfrutar de este patrimonio cultural inigualable.<\/em><\/p>\n\n\n\n<p>El Museo de Ciencias Naturales y Antropol\u00f3gicas &#8220;Profesor Antonio Serrano&#8221; de Paran\u00e1, organismo dependiente de la Secretar\u00eda de Cultura de la Provincia, resguarda y custodia desde 2007 dos grandes meteoritos que hab\u00edan sido extra\u00eddos ilegalmente de Campo del Cielo, Chaco.<\/p>\n\n\n\n<p>Desde entonces, las piezas fueron confiadas a la Provincia por la Justicia para su custodia y ocupan un lugar destacado en el edificio del Museo, ubicado en calle Gardel 62, tanto por su tama\u00f1o como por su importancia.&nbsp; Est\u00e1n expuestas sobre bases reforzadas, una de hierro y otra de cemento, que sostienen, en un caso, un fragmento de aproximadamente 1600 kilos y en otro, uno que ronda los 600 kilos de peso.<\/p>\n\n\n\n<p>De color oscuro, con una similitud a una gran piedra y con una historia de un recorrido sorprendente, los cuerpos celestes son el atractivo de quienes visitan uno de los museos m\u00e1s importantes de la provincia.<\/p>\n\n\n\n<p><strong>C\u00f3mo fue el recorrido<\/strong><\/p>\n\n\n\n<p>El 23 de febrero de 2007, Gendarmer\u00eda Nacional, Secci\u00f3n Ceibas, dependiente del Escuadr\u00f3n 56 de Gualeguaych\u00fa, secuestr\u00f3 dos bultos de consideraci\u00f3n durante un control vehicular en la intersecci\u00f3n de las rutas Nacionales 12 y 14, departamento Islas de Ibicuy. La carga, de un peso significativo de \u2013seg\u00fan se estima- m\u00e1s de 2000 kilos, estaba siendo trasladada ilegalmente con la intenci\u00f3n de sacarla fuera de la provincia, de acuerdo a la informaci\u00f3n de ese momento.&nbsp;&nbsp;<\/p>\n\n\n\n<figure class=\"wp-block-image\"><img loading=\"lazy\" decoding=\"async\" width=\"1600\" height=\"1067\" src=\"https:\/\/www.entrerios.gov.ar\/cultura\/wp-content\/uploads\/2024\/01\/image-13.jpeg\" alt=\"\" class=\"wp-image-9884\" srcset=\"https:\/\/www.entrerios.gov.ar\/cultura\/wp-content\/uploads\/2024\/01\/image-13.jpeg 1600w, https:\/\/www.entrerios.gov.ar\/cultura\/wp-content\/uploads\/2024\/01\/image-13-1280x854.jpeg 1280w, https:\/\/www.entrerios.gov.ar\/cultura\/wp-content\/uploads\/2024\/01\/image-13-980x654.jpeg 980w, https:\/\/www.entrerios.gov.ar\/cultura\/wp-content\/uploads\/2024\/01\/image-13-480x320.jpeg 480w\" sizes=\"auto, (min-width: 0px) and (max-width: 480px) 480px, (min-width: 481px) and (max-width: 980px) 980px, (min-width: 981px) and (max-width: 1280px) 1280px, (min-width: 1281px) 1600px, 100vw\" \/><\/figure>\n\n\n\n<p>En el marco del procedimiento, se confirm\u00f3 que se trataba de dos meteoritos y se solicit\u00f3 la intervenci\u00f3n del \u00e1rea de Miner\u00eda de la Provincia de Entre R\u00edos, que finalmente requiri\u00f3 el resguardo y custodia de las piezas al Museo \u201cProfesor Antonio Serrano\u201d. El pedido se bas\u00f3 en el&nbsp; rol del museo como autoridad de aplicaci\u00f3n de la Ley Provincial N\u00b0 9686 de \u201cProtecci\u00f3n del Patrimonio Arqueol\u00f3gico y Paleontol\u00f3gico\u201d, en concordancia con la Ley Nacional 25.743.<\/p>\n\n\n\n<p>As\u00ed, los cuerpos celestes fueron trasladados al edificio de calle Gardel y permanecen ah\u00ed desde entonces. El ingreso de las rocas a la casona es recordada por los empleados como una verdadera odisea. Se utilizaron m\u00e1quinas para levantar los fragmentos, que intentaron entrar la carga por la parte de atr\u00e1s del edificio, por un gran patio abierto cuyo piso no habr\u00eda resistido el peso, seg\u00fan rememoran. Entonces, las piezas fueron arrastradas hacia el interior, quedando la m\u00e1s grande en la galer\u00eda, en una base de cemento, y la otra, en la sala de Geolog\u00eda, en un soporte de madera que termin\u00f3 afectado por el peso y debi\u00f3 ser reemplazado por uno m\u00e1s resistente, de hierro.<\/p>\n\n\n\n<p><strong>Restituci\u00f3n a Chaco&nbsp;<\/strong><\/p>\n\n\n\n<p>A principios de enero, los gobernadores de Entre R\u00edos, Rogelio Frigerio, y de Chaco, Leandro Zdero, firmaron un convenio de restituci\u00f3n de las piezas, consideradas de un valioso patrimonio cultural, las que volver\u00e1n a estar bajo la custodia en Campo del Cielo.<\/p>\n\n\n\n<p>El acuerdo se rubric\u00f3 tras las gestiones realizadas por los Fiscales de Estados de ambas provincias, Roberto Alejandro Herlein, de Chaco, y el entrerriano Julio Rodr\u00edguez Signes. La decisi\u00f3n de Entre R\u00edos fue motivo de reconocimiento por parte de Chaco, que valor\u00f3 la disposici\u00f3n de esta provincia de contribuir con la preservaci\u00f3n del patrimonio cultural de Campo del Cielo, la reserva natural que alberga los restos de una de las mayores lluvias de meteoritos ocurrida hace unos 4000 a\u00f1os.<\/p>\n\n\n\n<figure class=\"wp-block-image\"><img loading=\"lazy\" decoding=\"async\" width=\"1600\" height=\"1080\" src=\"https:\/\/www.entrerios.gov.ar\/cultura\/wp-content\/uploads\/2024\/01\/image-12.jpeg\" alt=\"\" class=\"wp-image-9883\" srcset=\"https:\/\/www.entrerios.gov.ar\/cultura\/wp-content\/uploads\/2024\/01\/image-12.jpeg 1600w, https:\/\/www.entrerios.gov.ar\/cultura\/wp-content\/uploads\/2024\/01\/image-12-1280x864.jpeg 1280w, https:\/\/www.entrerios.gov.ar\/cultura\/wp-content\/uploads\/2024\/01\/image-12-980x662.jpeg 980w, https:\/\/www.entrerios.gov.ar\/cultura\/wp-content\/uploads\/2024\/01\/image-12-480x324.jpeg 480w\" sizes=\"auto, (min-width: 0px) and (max-width: 480px) 480px, (min-width: 481px) and (max-width: 980px) 980px, (min-width: 981px) and (max-width: 1280px) 1280px, (min-width: 1281px) 1600px, 100vw\" \/><\/figure>\n\n\n\n<p><strong>Preparativos de traslado y despedida<\/strong><\/p>\n\n\n\n<p>El traslado de los fragmentos conlleva una organizaci\u00f3n y una log\u00edstica acorde a la importancia y peso de las piezas. Adem\u00e1s, significa el desprendimiento, de parte del museo y de la comunidad, de un patrimonio de alto valor hist\u00f3rico con el fin de contribuir al retorno a su lugar de origen.<\/p>\n\n\n\n<p>Esta semana, el secretario de Cultura, Fabi\u00e1n Reato, mantuvo conversaciones con autoridades del gobierno de Chaco con el fin de coordinar el operativo, que a\u00fan no tiene fecha de concreci\u00f3n.<\/p>\n\n\n\n<p>Mientras tanto, el secretario invita a los vecinos a que se acerquen a la sede del museo, en calle Gardel 62 de Paran\u00e1, y disfruten de estas piezas \u00fanicas, parte de una lluvia de meteoritos ocurrida hace miles de a\u00f1os.<\/p>\n\n\n\n<p>\u201cEsta es la \u00fanica roca de la sala que no pertenece a la corteza terrestre\u201d, informa la carteler\u00eda, que define a los meteoritos como \u201cun fen\u00f3meno luminoso que se produce cuando un meteoroide atraviesa nuestra atm\u00f3sfera\u201d.<\/p>\n\n\n\n<p>Los visitantes podr\u00e1n asistir al Museo Antonio Serrano de martes a viernes de 10 a 13 y de 17 a 20 horas, y los s\u00e1bados y feriados, de 10 a 13 horas. El acceso es libre y gratuito.<\/p>\n","protected":false},"excerpt":{"rendered":"<p>En 2007 fueron secuestrados por Gendarmer\u00eda cuando eran trasladados ilegalmente. Pesan m\u00e1s de 2000 kilos. La restituci\u00f3n a su lugar de origen fue acordada por el gobernador de Entre R\u00edos, Rogelio Frigerio, con su par chaque\u00f1o, Leandro Zdero.&nbsp; El secretario de Cultura, Fabi\u00e1n Reato, invita a la comunidad a visitar y disfrutar de este patrimonio [&hellip;]<\/p>\n","protected":false},"author":5,"featured_media":9882,"comment_status":"open","ping_status":"open","sticky":false,"template":"","format":"standard","meta":{"_et_pb_use_builder":"off","_et_pb_old_content":"","_et_gb_content_width":"","footnotes":""},"categories":[1,28,8],"tags":[],"class_list":["post-9881","post","type-post","status-publish","format-standard","has-post-thumbnail","hentry","category-destacado","category-noticias","category-museo-ciencias-naturales"],"_links":{"self":[{"href":"https:\/\/www.entrerios.gov.ar\/cultura\/wp-json\/wp\/v2\/posts\/9881","targetHints":{"allow":["GET"]}}],"collection":[{"href":"https:\/\/www.entrerios.gov.ar\/cultura\/wp-json\/wp\/v2\/posts"}],"about":[{"href":"https:\/\/www.entrerios.gov.ar\/cultura\/wp-json\/wp\/v2\/types\/post"}],"author":[{"embeddable":true,"href":"https:\/\/www.entrerios.gov.ar\/cultura\/wp-json\/wp\/v2\/users\/5"}],"replies":[{"embeddable":true,"href":"https:\/\/www.entrerios.gov.ar\/cultura\/wp-json\/wp\/v2\/comments?post=9881"}],"version-history":[{"count":1,"href":"https:\/\/www.entrerios.gov.ar\/cultura\/wp-json\/wp\/v2\/posts\/9881\/revisions"}],"predecessor-version":[{"id":9885,"href":"https:\/\/www.entrerios.gov.ar\/cultura\/wp-json\/wp\/v2\/posts\/9881\/revisions\/9885"}],"wp:featuredmedia":[{"embeddable":true,"href":"https:\/\/www.entrerios.gov.ar\/cultura\/wp-json\/wp\/v2\/media\/9882"}],"wp:attachment":[{"href":"https:\/\/www.entrerios.gov.ar\/cultura\/wp-json\/wp\/v2\/media?parent=9881"}],"wp:term":[{"taxonomy":"category","embeddable":true,"href":"https:\/\/www.entrerios.gov.ar\/cultura\/wp-json\/wp\/v2\/categories?post=9881"},{"taxonomy":"post_tag","embeddable":true,"href":"https:\/\/www.entrerios.gov.ar\/cultura\/wp-json\/wp\/v2\/tags?post=9881"}],"curies":[{"name":"wp","href":"https:\/\/api.w.org\/{rel}","templated":true}]}}