{"id":9929,"date":"2024-02-02T18:58:43","date_gmt":"2024-02-02T18:58:43","guid":{"rendered":"https:\/\/www.entrerios.gov.ar\/cultura\/?p=9929"},"modified":"2024-05-27T14:24:15","modified_gmt":"2024-05-27T14:24:15","slug":"172-aniversario-de-la-batalla-de-caseros-el-campamento-cala-el-punto-de-partida-clave-para-la-victoria-de-urquiza","status":"publish","type":"post","link":"https:\/\/www.entrerios.gov.ar\/cultura\/172-aniversario-de-la-batalla-de-caseros-el-campamento-cala-el-punto-de-partida-clave-para-la-victoria-de-urquiza\/","title":{"rendered":"172\u00b0 Aniversario de la Batalla de Caseros | El Campamento Cal\u00e1, el punto de partida clave para la victoria de Urquiza\u00a0"},"content":{"rendered":"\n<p>Es un lugar actualmente ubicado cerca de la localidad de Rocamora, en el Departamento Uruguay, Entre R\u00edos. En 2014 fue puesto en valor por una ONG; es considerado como &#8220;Sitio Hist\u00f3rico Nacional&#8221; mediante Decreto 2840 de 1983. En el presente tiene una actividad fluida, con recorridas nocturnas, acampes, visitas guiadas y dramatizaciones de episodios que all\u00ed ocurrieron a lo largo del Siglo XIX.<\/p>\n\n\n\n<p>Este fin de semana, con una nueva conmemoraci\u00f3n de la gesta de Caseros, el gobernador de la provincia Rogelio Frigerio participar\u00e1 de un acto que recordar\u00e1 el &#8220;nacimiento de la Rep\u00fablica&#8221; y que adem\u00e1s de las palabras alusivas se realizar\u00e1 una recreaci\u00f3n art\u00edstica de la Batalla de Caseros y el mandatario provincial formalizar\u00e1 la entrega del Decreto que declara &#8220;De inter\u00e9s el Circuito del Camino del Ej\u00e9rcito Grande.<\/p>\n\n\n\n<p>Fue el punto de concentraci\u00f3n de cerca de 30.000 soldados que acompa\u00f1ar\u00edan al general Justo Jos\u00e9 de Urquiza, a la victoria de la batalla de Caseros, el 3 de febrero de 1852. Se trata de un predio de 18 hect\u00e1reas con paisajes indiscutidamente entrerrianos, con espinillos y selva en galer\u00eda sobre el arroyo Cal\u00e1. En este mismo espacio funciona el cementerio de la comuna de Rocamora, un lugar que tambi\u00e9n fue camposanto para las tropas de Urquiza.<\/p>\n\n\n\n<p>Una de las claves de la victoria del Ej\u00e9rcito Grande en la batalla de Caseros, es la exhaustiva planificaci\u00f3n que hizo el l\u00edder entrerriano, del movimiento de las tropas propias y las enemigas; y la previsi\u00f3n de la log\u00edstica necesaria para sus batallones de infanter\u00eda y caballer\u00eda. En este \u00faltimo punto reside la importancia del Campamento Cal\u00e1, cuya estructura proporcion\u00f3 los elementos suficientes para emprender desde all\u00ed la marcha rumbo a Buenos Aires y enfrentarse a Juan Manuel de Rosas.&nbsp;<\/p>\n\n\n\n<p>El sitio tiene un antecedente. En 1818 el general Francisco Ram\u00edrez reuni\u00f3 en Cal\u00e1 su primer ej\u00e9rcito, y luego en el mismo solar acamp\u00f3 el general Urquiza con sus hombres. Pero Urquiza fue quien la convirti\u00f3 en una verdadera ciudad cuartel. All\u00ed hizo construir varias piezas y galpones de techo pajizo destinados a habitaciones y oficinas militares, hospital, herrer\u00eda, residencia de jefes y capell\u00e1n, jaboner\u00eda, barracas y pulper\u00edas.<\/p>\n\n\n\n<p>Las historias sobre su destino final van y vienen pero una es que a las pocas horas del asesinato de Urquiza, desde el Palacio San Jos\u00e9 se emiti\u00f3 una orden para que volaran el polvor\u00edn que all\u00ed se encontraba y no pudiera ser utilizado por los hombres de L\u00f3pez Jord\u00e1n. Quedaron las ruinas como testimonio de aquel episodio. Y un tiempo antes all\u00ed tambi\u00e9n confluyeron los soldados que debieron participar en la guerra contra el Paraguay.<\/p>\n\n\n\n<p><strong>La obra de la Asociaci\u00f3n de Amigos<\/strong><\/p>\n\n\n\n<p>El profesor Gast\u00f3n Buet, presidente de la Asociaci\u00f3n de Amigos del Campamento, pionero de esa puesta en valor hist\u00f3rica y patrimonial, junto a sus colaboradores, trabajaron para dotar el espacio con senderos autoguiados con indicaciones, y espacios espec\u00edficamente delimitados para comer y descansar durante la recorrida. Seg\u00fan remarc\u00f3 el profesor Buet, uno de los referentes que mantienen este lugar para la visita de los interesados, se trataba de una escuela cuartel que estuvo activa durante unos diez a\u00f1os hasta la batalla hist\u00f3rica donde Urquiza derrot\u00f3 a Rosas.<\/p>\n\n\n\n<figure class=\"wp-block-image\"><img loading=\"lazy\" decoding=\"async\" width=\"1600\" height=\"1067\" src=\"https:\/\/www.entrerios.gov.ar\/cultura\/wp-content\/uploads\/2024\/02\/image-7.jpeg\" alt=\"\" class=\"wp-image-9932\" srcset=\"https:\/\/www.entrerios.gov.ar\/cultura\/wp-content\/uploads\/2024\/02\/image-7.jpeg 1600w, https:\/\/www.entrerios.gov.ar\/cultura\/wp-content\/uploads\/2024\/02\/image-7-1280x854.jpeg 1280w, https:\/\/www.entrerios.gov.ar\/cultura\/wp-content\/uploads\/2024\/02\/image-7-980x654.jpeg 980w, https:\/\/www.entrerios.gov.ar\/cultura\/wp-content\/uploads\/2024\/02\/image-7-480x320.jpeg 480w\" sizes=\"auto, (min-width: 0px) and (max-width: 480px) 480px, (min-width: 481px) and (max-width: 980px) 980px, (min-width: 981px) and (max-width: 1280px) 1280px, (min-width: 1281px) 1600px, 100vw\" \/><\/figure>\n\n\n\n<p>\u201cEste campamento lleg\u00f3 a albergar a unos 30.000 soldados, 30.000 caballos, personal de trabajo, mujeres y ni\u00f1os. Fue pr\u00e1cticamente una ciudad cuartel que contaba con todo lo necesario para sostenerse, incluso el propio Urquiza vivi\u00f3 varios a\u00f1os en el lugar\u201d, se\u00f1al\u00f3 el propio Buet.<\/p>\n\n\n\n<p><strong>Para tener en cuenta<\/strong><\/p>\n\n\n\n<p>Rocamora es una localidad y comuna de 2\u00aa categor\u00eda del distrito Moscas del departamento Uruguay.&nbsp; Lleva el nombre de su estaci\u00f3n de ferrocarril, designada en homenaje a Tom\u00e1s de Rocamora. El 19 de enero de 1876 una ley mand\u00f3 fundar la villa de Rocamora en la zona del campamento del Cal\u00e1.<\/p>\n\n\n\n<figure class=\"wp-block-image\"><img decoding=\"async\" src=\"https:\/\/mail.google.com\/mail\/u\/1?ui=2&amp;ik=ac7f2e9e47&amp;attid=0.1&amp;permmsgid=msg-a:r-7022244848564753454&amp;th=18d6b2eb60061409&amp;view=fimg&amp;fur=ip&amp;sz=s0-l75-ft&amp;attbid=ANGjdJ-DxYHiFIcrS-aYAUjV89wPyNgfOKb1N9ihaaB1P1meM3lWwOcyMEMhFl2kMjGVx1Sx5_HAt0rpnoB3A32vtwPJeQ8BoYMWU5rpTTc21koowumuzqsXXlpSdrA&amp;disp=emb&amp;realattid=ii_ls5097qy0\" alt=\"Cala C.jpg\"\/><\/figure>\n","protected":false},"excerpt":{"rendered":"<p>Es un lugar actualmente ubicado cerca de la localidad de Rocamora, en el Departamento Uruguay, Entre R\u00edos. En 2014 fue puesto en valor por una ONG; es considerado como &#8220;Sitio Hist\u00f3rico Nacional&#8221; mediante Decreto 2840 de 1983. En el presente tiene una actividad fluida, con recorridas nocturnas, acampes, visitas guiadas y dramatizaciones de episodios que [&hellip;]<\/p>\n","protected":false},"author":5,"featured_media":9930,"comment_status":"open","ping_status":"open","sticky":false,"template":"","format":"standard","meta":{"_et_pb_use_builder":"off","_et_pb_old_content":"","_et_gb_content_width":"","footnotes":""},"categories":[1,28,138],"tags":[],"class_list":["post-9929","post","type-post","status-publish","format-standard","has-post-thumbnail","hentry","category-destacado","category-noticias","category-huellasurquiza"],"_links":{"self":[{"href":"https:\/\/www.entrerios.gov.ar\/cultura\/wp-json\/wp\/v2\/posts\/9929","targetHints":{"allow":["GET"]}}],"collection":[{"href":"https:\/\/www.entrerios.gov.ar\/cultura\/wp-json\/wp\/v2\/posts"}],"about":[{"href":"https:\/\/www.entrerios.gov.ar\/cultura\/wp-json\/wp\/v2\/types\/post"}],"author":[{"embeddable":true,"href":"https:\/\/www.entrerios.gov.ar\/cultura\/wp-json\/wp\/v2\/users\/5"}],"replies":[{"embeddable":true,"href":"https:\/\/www.entrerios.gov.ar\/cultura\/wp-json\/wp\/v2\/comments?post=9929"}],"version-history":[{"count":1,"href":"https:\/\/www.entrerios.gov.ar\/cultura\/wp-json\/wp\/v2\/posts\/9929\/revisions"}],"predecessor-version":[{"id":9933,"href":"https:\/\/www.entrerios.gov.ar\/cultura\/wp-json\/wp\/v2\/posts\/9929\/revisions\/9933"}],"wp:featuredmedia":[{"embeddable":true,"href":"https:\/\/www.entrerios.gov.ar\/cultura\/wp-json\/wp\/v2\/media\/9930"}],"wp:attachment":[{"href":"https:\/\/www.entrerios.gov.ar\/cultura\/wp-json\/wp\/v2\/media?parent=9929"}],"wp:term":[{"taxonomy":"category","embeddable":true,"href":"https:\/\/www.entrerios.gov.ar\/cultura\/wp-json\/wp\/v2\/categories?post=9929"},{"taxonomy":"post_tag","embeddable":true,"href":"https:\/\/www.entrerios.gov.ar\/cultura\/wp-json\/wp\/v2\/tags?post=9929"}],"curies":[{"name":"wp","href":"https:\/\/api.w.org\/{rel}","templated":true}]}}