{"id":9934,"date":"2024-02-03T14:48:48","date_gmt":"2024-02-03T14:48:48","guid":{"rendered":"https:\/\/www.entrerios.gov.ar\/cultura\/?p=9934"},"modified":"2024-05-27T14:24:54","modified_gmt":"2024-05-27T14:24:54","slug":"las-fotos-de-los-veteranos-de-caseros","status":"publish","type":"post","link":"https:\/\/www.entrerios.gov.ar\/cultura\/las-fotos-de-los-veteranos-de-caseros\/","title":{"rendered":"Las fotos de los veteranos de Caseros"},"content":{"rendered":"\n<p><strong><em>En el 172\u00b0 Aniversario de la batalla<\/em><\/strong><\/p>\n\n\n\n<p>Las impactantes y emocionantes im\u00e1genes de los ex combatientes entrerrianos de la batalla de Caseros fueron registradas el 11 de noviembre de 1920, el d\u00eda que se realiz\u00f3 la inauguraci\u00f3n oficial del monumento al general Justo Jos\u00e9 de Urquiza, en el Parque que lleva su nombre, en Paran\u00e1.<\/p>\n\n\n\n<p>Lic. Claudio Ca\u00f1ete (*)<\/p>\n\n\n\n<p>La mayor\u00eda de esos hombres pasan los cien a\u00f1os de edad, protagonistas del Siglo XIX, la modernidad del primer cuarto del Siglo XX los descubri\u00f3 en la pobreza evidenciada por sus vestimentas y calzados; algunos ciegos o con bastones, apenas pudiendo estar de pie.&nbsp;<\/p>\n\n\n\n<p>Parece incre\u00edble que esas peque\u00f1as siluetas de soldados con trajes punz\u00f3, que aparecen en las pinceladas de los cuadros de Juan Manuel Blanes, y que conmemoran aquel combate, sean estos hombres que son retratados por la veracidad indiscutida de la fotograf\u00eda. De los cuadros del pintor uruguayo, sus vidas se proyectaron y llegaron a conocer por ejemplo los tranv\u00edas el\u00e9ctricos en Paran\u00e1 (puestos en marcha en 1921).<\/p>\n\n\n\n<p>Siguiendo las cr\u00f3nicas y fotos publicadas por la Revista Caras y Caretas editada por el escritor entrerriano Jos\u00e9 S. \u00c1lvarez (Fray Mocho), se documenta en varias oportunidades que la generaci\u00f3n nacida en la primera mitad del Siglo XIX ten\u00eda una expectativa de vida que hoy es poco com\u00fan, visto desde la cantidad de casos.&nbsp;<\/p>\n\n\n\n<p>\u201cRevoluci\u00f3n. El Cruce de los Andes\u201d, la pel\u00edcula protagonizada por Rodrigo de la Serna y dirigida por Leandro Ipi\u00f1a, que rescata la memoria de un soldado raso de San Mart\u00edn, evoca tambi\u00e9n este dato de longevidad prolongada. Era com\u00fan retratar a un soldado centenario, sumergido en la humildad y el anonimato.&nbsp;<\/p>\n\n\n\n<p>En el caso de los veteranos que siguieron a Urquiza, sobrevivieron trabajando de pescadores, como obreros de hornos caleros, de alba\u00f1iles, otros juntando le\u00f1a para su venta y siendo troperos en estancias. M\u00e1s de uno, con alg\u00fan ojo tapado con un parche, bajo el cual se puede ver la cicatriz de un filo. De piel oscura, quiz\u00e1s por tantos a\u00f1os de estar bajo el sol implacable o porque son descendientes de pueblos originarios y negros libertos.&nbsp;<\/p>\n\n\n\n<figure class=\"wp-block-image\"><img loading=\"lazy\" decoding=\"async\" width=\"1600\" height=\"1067\" src=\"https:\/\/www.entrerios.gov.ar\/cultura\/wp-content\/uploads\/2024\/02\/image-8.jpeg\" alt=\"\" class=\"wp-image-9936\" srcset=\"https:\/\/www.entrerios.gov.ar\/cultura\/wp-content\/uploads\/2024\/02\/image-8.jpeg 1600w, https:\/\/www.entrerios.gov.ar\/cultura\/wp-content\/uploads\/2024\/02\/image-8-1280x854.jpeg 1280w, https:\/\/www.entrerios.gov.ar\/cultura\/wp-content\/uploads\/2024\/02\/image-8-980x654.jpeg 980w, https:\/\/www.entrerios.gov.ar\/cultura\/wp-content\/uploads\/2024\/02\/image-8-480x320.jpeg 480w\" sizes=\"auto, (min-width: 0px) and (max-width: 480px) 480px, (min-width: 481px) and (max-width: 980px) 980px, (min-width: 981px) and (max-width: 1280px) 1280px, (min-width: 1281px) 1600px, 100vw\" \/><\/figure>\n\n\n\n<p><strong>La historia del monumento<\/strong><\/p>\n\n\n\n<p>En 1893, durante la intendencia de Jaime Baucis, se le solicit\u00f3 la donaci\u00f3n de un terreno denominado La Bater\u00eda, que era propiedad de Urquiza, a su propia viuda, Dolores Costa. La dama accedi\u00f3 porque el pedido lo hizo Felipe Baucis, padre del intendente y muy amigo del matrimonio Urquiza, eso allan\u00f3 el camino. La municipalidad se comprometi\u00f3 a transformarla en una plaza que llevar\u00eda el nombre del caudillo. Fue inaugurada el 24 de diciembre de 1895.<\/p>\n\n\n\n<p>Pero tambi\u00e9n fue creciendo la idea de que en el mismo terreno, que era un balc\u00f3n privilegiado con vista al r\u00edo Paran\u00e1, se erigiera un monumento a su memoria.&nbsp;<\/p>\n\n\n\n<p>La piedra fundamental se coloc\u00f3 el 1\u00b0 de octubre de 1901, en coincidencia con el centenario del natalicio del vencedor de Caseros. Empezaron a juntarse fondos, porque iba a ser de materiales nobles como el m\u00e1rmol de carrara y bronce. Se llam\u00f3 a concurso para designar al escultor, y result\u00f3 elegido el espa\u00f1ol Agust\u00edn Querol. La peque\u00f1a plaza se fue expandiendo, incorporando terrenos, hasta que se consolid\u00f3 como el Parque Urquiza, cobrando en los a\u00f1os de 1930, la fisonom\u00eda que todos conocen en el presente.<\/p>\n\n\n\n<p>El municipio convoc\u00f3 a la formaci\u00f3n de una Comisi\u00f3n Ejecutiva del Monumento al General Urquiza, con representantes de la elite social. Esta entidad organiz\u00f3 y alent\u00f3 la recolecci\u00f3n de fondos, a trav\u00e9s de suscripciones, donaciones y fiestas; y a la conformaci\u00f3n de otras comisiones pro-monumento en toda la provincia, para que recolectaran a trav\u00e9s de distintas actividades. Con eso se pag\u00f3 los honorarios del artista (500.000 francos) y la compra de los m\u00e1rmoles, el bronce, m\u00e1s los traslados desde Espa\u00f1a y luego del puerto de Buenos Aires a Entre R\u00edos.<\/p>\n\n\n\n<p>Sin embargo empezaron a suceder cosas que demorar\u00edan el proceso. La comisi\u00f3n se fue renovando a cada tanto por masivas renuncias y debates sobre la jurisdicci\u00f3n bajo la cual estar\u00eda el monumento, si municipal o provincial. Y suceder\u00eda algo m\u00e1s, inesperadamente Querol muere en 1910 sin terminar el monumento, faltaba la figura del general que ir\u00eda en el remate de la gran columna de piedra. El trabajo es continuado por otro espa\u00f1ol, Mariano Benlliure y Gil, que cobr\u00f3 solo 100.000 francos. Reci\u00e9n el 28 de julio de 1914 se ensambl\u00f3 la estatua ecuestre de bronce sobre la c\u00faspide. Sin embargo no ser\u00eda la original, propuesta en la maqueta de Querol presentada al concurso. M\u00e1s all\u00e1 de ese episodio, s\u00f3lo faltar\u00eda la inauguraci\u00f3n oficial, como se merec\u00eda semejante empresa.&nbsp;<\/p>\n\n\n\n<p>Tuvieron que pasar seis a\u00f1os m\u00e1s por las desavenencias entre provincia y municipio. Pero finalmente, y tras fallidos intentos de establecer un d\u00eda en particular, se defini\u00f3 que el 11 de noviembre de 1920, en coincidencia con un aniversario m\u00e1s del Pacto de San Jos\u00e9 de Flores o Pacto de Uni\u00f3n Nacional (1859), ser\u00eda su inauguraci\u00f3n oficial, quedando bajo jurisdicci\u00f3n municipal. Aquel pacto hab\u00eda determinado, moment\u00e1neamente, la incorporaci\u00f3n de Buenos Aires al esquema de la Confederaci\u00f3n Argentina con capital en Paran\u00e1.&nbsp;<\/p>\n\n\n\n<p>Ese d\u00eda fue una larga jornada festiva. Se declar\u00f3 feriado nacional desde Buenos Aires. Se realiz\u00f3 un desfile militar con tropas argentinas y delegaciones de las fuerzas de pa\u00edses lim\u00edtrofes. Vinieron diplom\u00e1ticos, funcionarios del gobierno nacional, figuras de la cultura. Las delegaciones escolares (4.000 estudiantes) y Boy Scouts tambi\u00e9n rindieron su tributo marchando frente al monumento. Hubo un Tedeum en la Catedral, un banquete oficial para 400 comensales en la Escuela del Centenario, se descubrieron placas, y se realizaron bailes en los barrios donde se sirvieron comidas populares. Por la noche hubo veladas de gala en el Teatro 3 de Febrero y en el Club Social.<\/p>\n\n\n\n<p>Como dato, vale remarcar, que despu\u00e9s de estos grandes ceremoniales de noviembre de 1920, la figura de Urquiza ya no fue reivindicada un\u00e1nimemente en todo el pa\u00eds como se merece.&nbsp;<\/p>\n\n\n\n<figure class=\"wp-block-image\"><img loading=\"lazy\" decoding=\"async\" width=\"1600\" height=\"1067\" src=\"https:\/\/www.entrerios.gov.ar\/cultura\/wp-content\/uploads\/2024\/02\/image-9.jpeg\" alt=\"\" class=\"wp-image-9937\" srcset=\"https:\/\/www.entrerios.gov.ar\/cultura\/wp-content\/uploads\/2024\/02\/image-9.jpeg 1600w, https:\/\/www.entrerios.gov.ar\/cultura\/wp-content\/uploads\/2024\/02\/image-9-1280x854.jpeg 1280w, https:\/\/www.entrerios.gov.ar\/cultura\/wp-content\/uploads\/2024\/02\/image-9-980x654.jpeg 980w, https:\/\/www.entrerios.gov.ar\/cultura\/wp-content\/uploads\/2024\/02\/image-9-480x320.jpeg 480w\" sizes=\"auto, (min-width: 0px) and (max-width: 480px) 480px, (min-width: 481px) and (max-width: 980px) 980px, (min-width: 981px) and (max-width: 1280px) 1280px, (min-width: 1281px) 1600px, 100vw\" \/><\/figure>\n\n\n\n<p><strong>Un registro inesperado<\/strong><\/p>\n\n\n\n<p>En esos tiempos se sab\u00eda que muchos veteranos del ej\u00e9rcito de Urquiza viv\u00edan a\u00fan. Y que l\u00f3gicamente en Entre R\u00edos, este suceso se vivir\u00eda de manera especial.<\/p>\n\n\n\n<p>Los ex combatientes fueron homenajeados, reunidos en cada ciudad cabecera, fueron fotografiados en Paran\u00e1 (en el desfile principal), en Concordia, Villaguay, Gualeguay, entre otras localidades. Lo que era un simple registro de una parte m\u00e1s de los actos, a la postre fue un documento fascinante de los protagonistas de la Historia misma. Todos fueron condecorados con una banda especial que lucieron en sus pechos, ramitos de flores, y seguramente comieron mejor que otros d\u00edas. Pero hay algo m\u00e1s. El gobierno provincial solicit\u00f3 a la Legislatura que, utilizando un super\u00e1vit de rentas, se contratara un seguro para los veteranos, como un aporte monetario, para paliar su situaci\u00f3n. El gobernador en ese entonces era Celestino Marc\u00f3.&nbsp;<\/p>\n\n\n\n<p>Muchas d\u00e9cadas despu\u00e9s, los veteranos de Caseros, nos remiten inevitablemente a los veteranos de Malvinas entrerrianos que prestigian nuestros actuales desfiles patrios o llevan su mensaje de sacrificios y valores humanos de escuela en escuela, con sus medallas cada vez m\u00e1s cargadas de gloria.&nbsp;&nbsp;<\/p>\n\n\n\n<p><strong>\u00bfD\u00f3nde est\u00e1n las fotos?<\/strong><\/p>\n\n\n\n<p>Las fotos originales y su versi\u00f3n digitalizada forman parte de la fototeca del Museo Hist\u00f3rico Martiniano Leguizam\u00f3n, organismo de la Secretar\u00eda de Cultura, ubicado en Paran\u00e1, en la intersecci\u00f3n de calle Buenos Aires y Laprida. Frecuentemente se las expone en sus salas. Tambi\u00e9n hay fotos de los veteranos entrerrianos de Caseros, digitalizadas en el Archivo General de la Naci\u00f3n (AGN), pero all\u00ed las existentes est\u00e1n catalogadas por provincias; y se han publicado en sus propias redes sociales oficiales.&nbsp;&nbsp;<\/p>\n\n\n\n<p><em>(*) Autor del libro \u201cEstampas. El Palacio de Urquiza en Paran\u00e1 y su monumento en el Parque\u201d. Editorial Tr\u00e1fico de Arte, Paran\u00e1, 2004.<\/em><\/p>\n","protected":false},"excerpt":{"rendered":"<p>En el 172\u00b0 Aniversario de la batalla Las impactantes y emocionantes im\u00e1genes de los ex combatientes entrerrianos de la batalla de Caseros fueron registradas el 11 de noviembre de 1920, el d\u00eda que se realiz\u00f3 la inauguraci\u00f3n oficial del monumento al general Justo Jos\u00e9 de Urquiza, en el Parque que lleva su nombre, en Paran\u00e1. [&hellip;]<\/p>\n","protected":false},"author":5,"featured_media":9935,"comment_status":"open","ping_status":"open","sticky":false,"template":"","format":"standard","meta":{"_et_pb_use_builder":"off","_et_pb_old_content":"","_et_gb_content_width":"","footnotes":""},"categories":[1,28,138],"tags":[],"class_list":["post-9934","post","type-post","status-publish","format-standard","has-post-thumbnail","hentry","category-destacado","category-noticias","category-huellasurquiza"],"_links":{"self":[{"href":"https:\/\/www.entrerios.gov.ar\/cultura\/wp-json\/wp\/v2\/posts\/9934","targetHints":{"allow":["GET"]}}],"collection":[{"href":"https:\/\/www.entrerios.gov.ar\/cultura\/wp-json\/wp\/v2\/posts"}],"about":[{"href":"https:\/\/www.entrerios.gov.ar\/cultura\/wp-json\/wp\/v2\/types\/post"}],"author":[{"embeddable":true,"href":"https:\/\/www.entrerios.gov.ar\/cultura\/wp-json\/wp\/v2\/users\/5"}],"replies":[{"embeddable":true,"href":"https:\/\/www.entrerios.gov.ar\/cultura\/wp-json\/wp\/v2\/comments?post=9934"}],"version-history":[{"count":1,"href":"https:\/\/www.entrerios.gov.ar\/cultura\/wp-json\/wp\/v2\/posts\/9934\/revisions"}],"predecessor-version":[{"id":9938,"href":"https:\/\/www.entrerios.gov.ar\/cultura\/wp-json\/wp\/v2\/posts\/9934\/revisions\/9938"}],"wp:featuredmedia":[{"embeddable":true,"href":"https:\/\/www.entrerios.gov.ar\/cultura\/wp-json\/wp\/v2\/media\/9935"}],"wp:attachment":[{"href":"https:\/\/www.entrerios.gov.ar\/cultura\/wp-json\/wp\/v2\/media?parent=9934"}],"wp:term":[{"taxonomy":"category","embeddable":true,"href":"https:\/\/www.entrerios.gov.ar\/cultura\/wp-json\/wp\/v2\/categories?post=9934"},{"taxonomy":"post_tag","embeddable":true,"href":"https:\/\/www.entrerios.gov.ar\/cultura\/wp-json\/wp\/v2\/tags?post=9934"}],"curies":[{"name":"wp","href":"https:\/\/api.w.org\/{rel}","templated":true}]}}