{"id":9944,"date":"2024-02-05T17:56:23","date_gmt":"2024-02-05T17:56:23","guid":{"rendered":"https:\/\/www.entrerios.gov.ar\/cultura\/?p=9944"},"modified":"2024-02-06T11:43:05","modified_gmt":"2024-02-06T11:43:05","slug":"habra-una-muestra-de-las-comparsas-mas-antiguas-de-la-provincia-en-el-museo-martiniano-leguizamon","status":"publish","type":"post","link":"https:\/\/www.entrerios.gov.ar\/cultura\/habra-una-muestra-de-las-comparsas-mas-antiguas-de-la-provincia-en-el-museo-martiniano-leguizamon\/","title":{"rendered":"Habr\u00e1 una muestra de las comparsas m\u00e1s antiguas de la provincia en el Museo Martiniano Leguizam\u00f3n"},"content":{"rendered":"\n<p>El mi\u00e9rcoles, a partir de las 19.30, se desarrollar\u00e1 una exposici\u00f3n sobre los 50 a\u00f1os de historia de las cuatro primeras comparsas de carnaval de Entre R\u00edos. Ser\u00e1 en el Museo Hist\u00f3rico Martiniano Leguizam\u00f3n, con entrada libre y gratuita. Se exhibir\u00e1n trajes y estandartes usados en las distintas \u00e9pocas, tambi\u00e9n fotos y videos.&nbsp;<\/p>\n\n\n\n<p>Malib\u00fa y Marumb\u00e1, de Hasenkamp; Babiy\u00fa, de Santa Elena, y SiSi, de Gualeguay, son las cuatro primeras comparsas de la provincia, con medio siglo de permanencia, que participar\u00e1n de una muestra sobre su historia, organizada por la Secretar\u00eda de Cultura de Entre R\u00edos. <\/p>\n\n\n\n<p>La muestra estar\u00e1 disponibles durante una semana. Las visitas se podr\u00e1n realizar de martes a viernes de 8 a 12hs. S\u00e1bados y feriados de 9 a 12 y de 17 a 20hs.<\/p>\n\n\n\n<p>La actividad se enmarca en el programa Vivamos Cultura y es una manera m\u00e1s de rescatar el fuerte sentido popular que tienen las fiestas de carnaval en la provincia y valorar el compromiso de cientos de entrerrianos que cada a\u00f1o trabajan sin descanso, movilizados por esta gran pasi\u00f3n.<\/p>\n\n\n\n<p>La muestra comenzar\u00e1 a las 19.30 horas del mi\u00e9rcoles pr\u00f3ximo, en el Museo Hist\u00f3rico Provincial Martiniano Leguizam\u00f3n, ubicado en calle Buenos Aires 286, de Paran\u00e1. Se podr\u00e1 recorrer la historia de cada comparsa a trav\u00e9s de los trajes, estandartes, calzados y otros elementos usados durante las diferentes \u00e9pocas. Tambi\u00e9n habr\u00e1 fotos y videos que permitir\u00e1n seguir la interesante trayectoria de estas organizaciones y referentes de cada comparsa estar\u00e1n a disposici\u00f3n para aportar informaci\u00f3n a los visitantes. El encuentro contar\u00e1 con el acompa\u00f1amiento de la Comparsa Poras\u00ed de Santa Elena.<\/p>\n\n\n\n<p>Integrantes de las orquestas infanto juveniles estar\u00e1n presentes y sumar\u00e1n m\u00fasica de carnaval en vivo.&nbsp;&nbsp;<\/p>\n\n\n\n<p>\u201cEl carnaval es patrimonio cultural de todos los entrerrianos&#8221; es la consigna de la convocatoria, que tambi\u00e9n pretende ser un homenaje a los integrantes que han participado de las comparsas en los distintos tiempos y una invitaci\u00f3n abierta a la comunidad a disfrutar de esta exposici\u00f3n que dar\u00e1 cuenta de parte importante de la historia y la cultura entrerriana.<\/p>\n\n\n\n<p><strong>A continuaci\u00f3n, un resumen de cada comparsa&nbsp;<\/strong><\/p>\n\n\n\n<p><strong>Marumb\u00e1&nbsp;<\/strong><\/p>\n\n\n\n<p>Surgi\u00f3 en 1973 como la \u201cpeque\u00f1a-gran ilusi\u00f3n\u201d de un grupo de j\u00f3venes que fue creciendo en cantidad y calidad art\u00edstica, construyendo as\u00ed una fuerte identidad cultural y colectiva. Caracterizada por su trabajo artesanal en el que participan cientos de familias que bordan durante meses los trajes, esta comparsa es pionera en el desarrollo cultural y art\u00edstico del carnaval.<\/p>\n\n\n\n<p><strong>Babiy\u00fa<\/strong><\/p>\n\n\n\n<p>Es conocida como \u201cla viajera del norte entrerriano\u201d, puesto que ha recorrido gran parte del pa\u00eds llevando su alegr\u00eda, brillo y esplendor. Esta comparsa que est\u00e1 cumpliendo medio siglo<\/p>\n\n\n\n<p>entreteje a\u00f1o tras a\u00f1o arte, cultura, identidad e historia.<\/p>\n\n\n\n<p><strong>Malib\u00fa<\/strong><\/p>\n\n\n\n<p>Medio siglo ha pasado desde que su creadora, junto con cinco integrantes, comenz\u00f3 a organizar una comparsa&nbsp; y, entre tanto, a darle una denominaci\u00f3n caracter\u00edstica en base a las iniciales de los nombres de cada una de las fundadoras. Desde entonces, sus presentaciones han sido&nbsp; alegr\u00eda y color. Los organizadores han sabido sumar core\u00f3grafos, dise\u00f1adores en todas las \u00e1reas, bater\u00edas, especialistas en carrozas, entre otras cosas.<\/p>\n\n\n\n<p><strong>SiSi<\/strong><\/p>\n\n\n\n<p>Empez\u00f3 en 1979, como iniciativa de un grupo de padres para aportar a la ciudad de Gualeguay su baile y despliegue, incorporando el sonido de las batucadas. Caracterizada por su estilo particular, con tem\u00e1ticas que abordan aspectos culturales, hist\u00f3ricos y fant\u00e1sticos, a trav\u00e9s de un vestuario artesanal y de gran colorido, esta comparsa con 45 a\u00f1os y 13 premios contin\u00faa entusiasmado a cada familia que, como en 1980, expres\u00f3 que la comparsa \u201cs\u00ed o s\u00ed\u201d saldr\u00eda a la calle. De all\u00ed su nombre.<\/p>\n","protected":false},"excerpt":{"rendered":"<p>El mi\u00e9rcoles, a partir de las 19.30, se desarrollar\u00e1 una exposici\u00f3n sobre los 50 a\u00f1os de historia de las cuatro primeras comparsas de carnaval de Entre R\u00edos. Ser\u00e1 en el Museo Hist\u00f3rico Martiniano Leguizam\u00f3n, con entrada libre y gratuita. Se exhibir\u00e1n trajes y estandartes usados en las distintas \u00e9pocas, tambi\u00e9n fotos y videos.&nbsp; Malib\u00fa y [&hellip;]<\/p>\n","protected":false},"author":5,"featured_media":9945,"comment_status":"open","ping_status":"open","sticky":false,"template":"","format":"standard","meta":{"_et_pb_use_builder":"off","_et_pb_old_content":"","_et_gb_content_width":"","footnotes":""},"categories":[1,28],"tags":[],"class_list":["post-9944","post","type-post","status-publish","format-standard","has-post-thumbnail","hentry","category-destacado","category-noticias"],"_links":{"self":[{"href":"https:\/\/www.entrerios.gov.ar\/cultura\/wp-json\/wp\/v2\/posts\/9944","targetHints":{"allow":["GET"]}}],"collection":[{"href":"https:\/\/www.entrerios.gov.ar\/cultura\/wp-json\/wp\/v2\/posts"}],"about":[{"href":"https:\/\/www.entrerios.gov.ar\/cultura\/wp-json\/wp\/v2\/types\/post"}],"author":[{"embeddable":true,"href":"https:\/\/www.entrerios.gov.ar\/cultura\/wp-json\/wp\/v2\/users\/5"}],"replies":[{"embeddable":true,"href":"https:\/\/www.entrerios.gov.ar\/cultura\/wp-json\/wp\/v2\/comments?post=9944"}],"version-history":[{"count":2,"href":"https:\/\/www.entrerios.gov.ar\/cultura\/wp-json\/wp\/v2\/posts\/9944\/revisions"}],"predecessor-version":[{"id":9949,"href":"https:\/\/www.entrerios.gov.ar\/cultura\/wp-json\/wp\/v2\/posts\/9944\/revisions\/9949"}],"wp:featuredmedia":[{"embeddable":true,"href":"https:\/\/www.entrerios.gov.ar\/cultura\/wp-json\/wp\/v2\/media\/9945"}],"wp:attachment":[{"href":"https:\/\/www.entrerios.gov.ar\/cultura\/wp-json\/wp\/v2\/media?parent=9944"}],"wp:term":[{"taxonomy":"category","embeddable":true,"href":"https:\/\/www.entrerios.gov.ar\/cultura\/wp-json\/wp\/v2\/categories?post=9944"},{"taxonomy":"post_tag","embeddable":true,"href":"https:\/\/www.entrerios.gov.ar\/cultura\/wp-json\/wp\/v2\/tags?post=9944"}],"curies":[{"name":"wp","href":"https:\/\/api.w.org\/{rel}","templated":true}]}}